{"id":228886,"date":"2025-09-27T09:33:59","date_gmt":"2025-09-27T12:33:59","guid":{"rendered":"https:\/\/corrientesdetarde.com\/?p=228886"},"modified":"2025-09-27T15:14:09","modified_gmt":"2025-09-27T18:14:09","slug":"expo-rio-2025-en-corrientes","status":"publish","type":"post","link":"https:\/\/corrientesdetarde.com\/index.php\/eventos\/expo-rio-2025-en-corrientes\/","title":{"rendered":"Expo R\u00edo 2025 en Corrientes."},"content":{"rendered":"\n<p>El secretario de Turismo y Deportes de la Municipalidad Juan Enrique Braillard Poccard, habl\u00f3 de la presentaci\u00f3n de la segunda edici\u00f3n de la Expo R\u00edo, que se realizar\u00e1 este fin de semana en Playa Arazaty I. Habr\u00e1 stands de n\u00e1utica y aventura, deportes de playa, shows culturales y un sunset musical con artistas locales.<\/p>\n\n\n\n<figure class=\"wp-block-image size-full\"><img loading=\"lazy\" decoding=\"async\" width=\"480\" height=\"320\" src=\"https:\/\/corrientesdetarde.com\/wp-content\/uploads\/2025\/09\/17589967099871827842548148592095.jpg\" alt=\"\" class=\"wp-image-228939\" srcset=\"https:\/\/corrientesdetarde.com\/wp-content\/uploads\/2025\/09\/17589967099871827842548148592095.jpg 480w, https:\/\/corrientesdetarde.com\/wp-content\/uploads\/2025\/09\/17589967099871827842548148592095-300x200.jpg 300w\" sizes=\"auto, (max-width: 480px) 100vw, 480px\" \/><\/figure>\n\n\n\n<p>La ciudad de Corrientes se prepara para vivir la segunda edici\u00f3n de la Expo R\u00edo, un evento que busca consolidarse en el calendario tur\u00edstico local. La cita ser\u00e1 este fin de semana en Playa Arazaty I&nbsp;con entrada libre y gratuita.<\/p>\n\n\n\n<p><strong>El evento se realizar\u00e1 el\u00a027 y 28 de septiembre de 2025\u00a0en la\u00a0Playa Arazaty,<\/strong>\u00a0en la ciudad de Corrientes Capital.\u00a0Se trata de un evento que busca posicionar al r\u00edo Paran\u00e1 como motor de turismo, deporte y actividades n\u00e1uticas, adem\u00e1s de promover el desarrollo econ\u00f3mico y cultural de la regi\u00f3n.<\/p>\n\n\n\n<p>El secretario de Turismo y Deportes de la Municipalidad, Juan Enrique Braillard Poccard, explic\u00f3 que la propuesta combina deporte, cultura y turismo:&nbsp;\u201cLa Expo R\u00edo es b\u00e1sicamente una expo del segmento r\u00edo, n\u00e1utica, pesca, aventura, donde se van a encontrar con stands de todo el sector, desde concesionarias de autos y lanchas hasta casas de pesca y cuatriciclos\u201d.<\/p>\n\n\n\n<p>Pero adem\u00e1s, se suman propuestas para todo p\u00fablico:&nbsp;\u201cAprovechando la ubicaci\u00f3n estrat\u00e9gica de la playa, vamos a tener deportes de arena como beach v\u00f3ley, stand up paddle, kitesurf, wakeboard y hasta una carrera exhibici\u00f3n de lanchas, que vuelve a la Capital despu\u00e9s de tantos a\u00f1os\u201d, adelant\u00f3.<\/p>\n\n\n\n<h2 class=\"wp-block-heading\"><strong>Cultura y sunset a orillas del Paran\u00e1<\/strong><\/h2>\n\n\n\n<p>\u201cVamos a estar con la presencia de nuestro carnaval oficial, un desfile de moda del Estudio Casavecchia, y artistas locales de m\u00fasica electr\u00f3nica y contempor\u00e1nea. Cada jornada cerrar\u00e1 con un sunset musical a partir de las seis de la tarde\u201d, coment\u00f3 Braillard Poccard.<\/p>\n\n\n\n<p>El funcionario remarc\u00f3 que el encuentro es fruto de la articulaci\u00f3n p\u00fablico-privada:&nbsp;\u201cTe dir\u00eda que&nbsp;<strong>el 80% de la Expo R\u00edo es apoyo del sector privado.<\/strong>&nbsp;Hay un acompa\u00f1amiento del Estado, pero nuestra idea desde el inicio fue que esta expo se convierta en una fecha fija para la ciudad, con empresarios que apuesten a mostrar sus productos e invertir en Corrientes\u201d.<\/p>\n","protected":false},"excerpt":{"rendered":"<p>El secretario de Turismo y Deportes de la Municipalidad Juan Enrique Braillard Poccard, habl\u00f3 de la presentaci\u00f3n de la segunda edici\u00f3n de la Expo R\u00edo, que se realizar\u00e1 este fin&hellip; <\/p>\n","protected":false},"author":6,"featured_media":228939,"comment_status":"closed","ping_status":"open","sticky":false,"template":"","format":"standard","meta":{"footnotes":""},"categories":[22],"tags":[],"class_list":["post-228886","post","type-post","status-publish","format-standard","has-post-thumbnail","hentry","category-eventos"],"_links":{"self":[{"href":"https:\/\/corrientesdetarde.com\/index.php\/wp-json\/wp\/v2\/posts\/228886","targetHints":{"allow":["GET"]}}],"collection":[{"href":"https:\/\/corrientesdetarde.com\/index.php\/wp-json\/wp\/v2\/posts"}],"about":[{"href":"https:\/\/corrientesdetarde.com\/index.php\/wp-json\/wp\/v2\/types\/post"}],"author":[{"embeddable":true,"href":"https:\/\/corrientesdetarde.com\/index.php\/wp-json\/wp\/v2\/users\/6"}],"replies":[{"embeddable":true,"href":"https:\/\/corrientesdetarde.com\/index.php\/wp-json\/wp\/v2\/comments?post=228886"}],"version-history":[{"count":2,"href":"https:\/\/corrientesdetarde.com\/index.php\/wp-json\/wp\/v2\/posts\/228886\/revisions"}],"predecessor-version":[{"id":228941,"href":"https:\/\/corrientesdetarde.com\/index.php\/wp-json\/wp\/v2\/posts\/228886\/revisions\/228941"}],"wp:featuredmedia":[{"embeddable":true,"href":"https:\/\/corrientesdetarde.com\/index.php\/wp-json\/wp\/v2\/media\/228939"}],"wp:attachment":[{"href":"https:\/\/corrientesdetarde.com\/index.php\/wp-json\/wp\/v2\/media?parent=228886"}],"wp:term":[{"taxonomy":"category","embeddable":true,"href":"https:\/\/corrientesdetarde.com\/index.php\/wp-json\/wp\/v2\/categories?post=228886"},{"taxonomy":"post_tag","embeddable":true,"href":"https:\/\/corrientesdetarde.com\/index.php\/wp-json\/wp\/v2\/tags?post=228886"}],"curies":[{"name":"wp","href":"https:\/\/api.w.org\/{rel}","templated":true}]}}