{"id":228936,"date":"2025-09-27T15:19:51","date_gmt":"2025-09-27T18:19:51","guid":{"rendered":"https:\/\/corrientesdetarde.com\/?p=228936"},"modified":"2025-09-27T15:20:03","modified_gmt":"2025-09-27T18:20:03","slug":"prefectura-naval-refuerza-la-seguridad-en-la-frontera-correntina-con-brasil","status":"publish","type":"post","link":"https:\/\/corrientesdetarde.com\/index.php\/informacion-general\/prefectura-naval-refuerza-la-seguridad-en-la-frontera-correntina-con-brasil\/","title":{"rendered":"Prefectura Naval refuerza la seguridad en la frontera correntina con Brasil"},"content":{"rendered":"\n<p>Desplegaron operativo de vigilancia en la provincia de Corrientes, con presencia activa en las localidades de Santo Tom\u00e9, Alvear y zonas aleda\u00f1as, a fin de reforzar la seguridad en la frontera.<\/p>\n\n\n\n<p>D\u00eda a d\u00eda, los hombres y mujeres de la Autoridad Mar\u00edtima nacional patrullan el r\u00edo y la ribera para desalentar maniobras ilegales y prevenir delitos transfronterizos. Este despliegue permanente busca transmitir tranquilidad a la comunidad y garantizar un control efectivo en los sectores m\u00e1s sensibles.<\/p>\n\n\n\n<p>Para estas tareas se utilizan diversos medios, como lanchas de frontera, embarcaciones menores y motos de agua, lo que permite alcanzar tanto los m\u00e1rgenes del r\u00edo como \u00e1reas de dif\u00edcil acceso. De esta manera, la vigilancia se adapta a las particularidades del terreno y se mantiene din\u00e1mica y eficaz.<\/p>\n\n\n\n<figure class=\"wp-block-image\"><img decoding=\"async\" src=\"https:\/\/www.diarioepoca.com\/content\/bucket\/8\/1450598w790h356c.jpg.webp\" alt=\"\"\/><\/figure>\n\n\n\n<p>Los patrullajes, que se realizan durante el d\u00eda y la noche, se concentran en las denominadas &#8220;zonas calientes&#8221;: puntos estrat\u00e9gicos donde suele incrementarse la actividad il\u00edcita. All\u00ed, adem\u00e1s de cumplir una funci\u00f3n preventiva, los efectivos recolectan informaci\u00f3n clave para el dise\u00f1o de nuevas estrategias de control.<\/p>\n\n\n\n<figure class=\"wp-block-image size-full\"><img loading=\"lazy\" decoding=\"async\" width=\"440\" height=\"587\" src=\"https:\/\/corrientesdetarde.com\/wp-content\/uploads\/2025\/09\/175899708327724728539612654449.jpg\" alt=\"\" class=\"wp-image-228942\" srcset=\"https:\/\/corrientesdetarde.com\/wp-content\/uploads\/2025\/09\/175899708327724728539612654449.jpg 440w, https:\/\/corrientesdetarde.com\/wp-content\/uploads\/2025\/09\/175899708327724728539612654449-225x300.jpg 225w\" sizes=\"auto, (max-width: 440px) 100vw, 440px\" \/><\/figure>\n\n\n\n<p>Este compromiso se sostiene gracias al trabajo coordinado con los Departamentos de Frontera Alto Paran\u00e1 y Paran\u00e1 Superior y Paraguay, cuyos integrantes permanecen desplegados en los sectores m\u00e1s cr\u00edticos. Su labor conjuga cercan\u00eda con la comunidad y una firme defensa de los intereses nacionales.<\/p>\n\n\n\n<figure class=\"wp-block-image\"><img decoding=\"async\" src=\"https:\/\/www.diarioepoca.com\/content\/bucket\/9\/1450599w380h507c.jpg.webp\" alt=\"\"\/><\/figure>\n\n\n\n<p>La poblaci\u00f3n de Santo Tom\u00e9, Alvear y alrededores convive a diario con este operativo, que refleja el esfuerzo constante de la Instituci\u00f3n por garantizar la seguridad en la frontera. La presencia de Prefectura no solo fortalece la protecci\u00f3n de la zona, sino que tambi\u00e9n reafirma que el bienestar de los vecinos es una prioridad permanente.<\/p>\n","protected":false},"excerpt":{"rendered":"<p>Desplegaron operativo de vigilancia en la provincia de Corrientes, con presencia activa en las localidades de Santo Tom\u00e9, Alvear y zonas aleda\u00f1as, a fin de reforzar la seguridad en la&hellip; <\/p>\n","protected":false},"author":1,"featured_media":228942,"comment_status":"closed","ping_status":"open","sticky":false,"template":"","format":"standard","meta":{"footnotes":""},"categories":[1],"tags":[],"class_list":["post-228936","post","type-post","status-publish","format-standard","has-post-thumbnail","hentry","category-informacion-general"],"_links":{"self":[{"href":"https:\/\/corrientesdetarde.com\/index.php\/wp-json\/wp\/v2\/posts\/228936","targetHints":{"allow":["GET"]}}],"collection":[{"href":"https:\/\/corrientesdetarde.com\/index.php\/wp-json\/wp\/v2\/posts"}],"about":[{"href":"https:\/\/corrientesdetarde.com\/index.php\/wp-json\/wp\/v2\/types\/post"}],"author":[{"embeddable":true,"href":"https:\/\/corrientesdetarde.com\/index.php\/wp-json\/wp\/v2\/users\/1"}],"replies":[{"embeddable":true,"href":"https:\/\/corrientesdetarde.com\/index.php\/wp-json\/wp\/v2\/comments?post=228936"}],"version-history":[{"count":1,"href":"https:\/\/corrientesdetarde.com\/index.php\/wp-json\/wp\/v2\/posts\/228936\/revisions"}],"predecessor-version":[{"id":228943,"href":"https:\/\/corrientesdetarde.com\/index.php\/wp-json\/wp\/v2\/posts\/228936\/revisions\/228943"}],"wp:featuredmedia":[{"embeddable":true,"href":"https:\/\/corrientesdetarde.com\/index.php\/wp-json\/wp\/v2\/media\/228942"}],"wp:attachment":[{"href":"https:\/\/corrientesdetarde.com\/index.php\/wp-json\/wp\/v2\/media?parent=228936"}],"wp:term":[{"taxonomy":"category","embeddable":true,"href":"https:\/\/corrientesdetarde.com\/index.php\/wp-json\/wp\/v2\/categories?post=228936"},{"taxonomy":"post_tag","embeddable":true,"href":"https:\/\/corrientesdetarde.com\/index.php\/wp-json\/wp\/v2\/tags?post=228936"}],"curies":[{"name":"wp","href":"https:\/\/api.w.org\/{rel}","templated":true}]}}