{"id":228948,"date":"2025-09-27T22:19:44","date_gmt":"2025-09-28T01:19:44","guid":{"rendered":"https:\/\/corrientesdetarde.com\/?p=228948"},"modified":"2025-09-27T22:19:50","modified_gmt":"2025-09-28T01:19:50","slug":"comienzan-a-llegar-los-peregrinos-a-la-basilica-de-nuestra-senora-de-itati","status":"publish","type":"post","link":"https:\/\/corrientesdetarde.com\/index.php\/locales\/comienzan-a-llegar-los-peregrinos-a-la-basilica-de-nuestra-senora-de-itati\/","title":{"rendered":"Comienzan a llegar los peregrinos a la Bas\u00edlica de Nuestra Se\u00f1ora de Itat\u00ed"},"content":{"rendered":"\n<p>Una agradable tregua en el clima marca la noche de llegada de peregrinos a Itat\u00ed. Tras el paso de la lluvia, que ofreci\u00f3 un respiro a los caminantes, los grupos contin\u00faan arribando bajo una temperatura confortable de alrededor de 18 grados. El pron\u00f3stico para ma\u00f1ana es prometedor, anticipando un cielo totalmente despejado que acompa\u00f1ar\u00e1 la jornada central.<\/p>\n\n\n\n<h3 class=\"wp-block-heading\">Actividades en el Santuario<\/h3>\n\n\n\n<p>La Bas\u00edlica est\u00e1 colmada de feligreses que participan activamente de las diversas Misas. La celebraci\u00f3n de las 21 horas reviste especial importancia, siendo oficiada por Monse\u00f1or Ram\u00f3n Dus, Arzobispo de Resistencia, y Monse\u00f1or Jos\u00e9 Vicente Conejero Gallego, Obispo de Formosa.<\/p>\n\n\n\n<h3 class=\"wp-block-heading\">Asistencia sanitaria<\/h3>\n\n\n\n<p>El dispositivo sanitario se ha adaptado a las condiciones clim\u00e1ticas. El Hospital de Itat\u00ed est\u00e1 prestando asistencia a los peregrinos que lo requieren directamente en el interior del Santuario. Esta decisi\u00f3n se tom\u00f3 para proteger a los cansados caminantes del viento fresco que sopla afuera, un factor que hac\u00eda inadecuada la ubicaci\u00f3n prevista originalmente en un costado del predio.<\/p>\n\n\n\n<p>Mientras tanto, en el exterior, junto a la fuente, la agrupaci\u00f3n Acci\u00f3n Cat\u00f3lica ofrece un generoso gesto de bienvenida y asistencia, repartiendo gratuitamente mate cocido, agua caliente, y torta frita a todos los reci\u00e9n llegados.<br>La noche transcurre en un clima de devoci\u00f3n y alivio, preparando el escenario para la jornada principal de fe en honor a la Patrona del Nordeste Argentino.<\/p>\n","protected":false},"excerpt":{"rendered":"<p>Una agradable tregua en el clima marca la noche de llegada de peregrinos a Itat\u00ed. Tras el paso de la lluvia, que ofreci\u00f3 un respiro a los caminantes, los grupos&hellip; <\/p>\n","protected":false},"author":1,"featured_media":228949,"comment_status":"closed","ping_status":"open","sticky":false,"template":"","format":"standard","meta":{"footnotes":""},"categories":[8],"tags":[],"class_list":["post-228948","post","type-post","status-publish","format-standard","has-post-thumbnail","hentry","category-locales"],"_links":{"self":[{"href":"https:\/\/corrientesdetarde.com\/index.php\/wp-json\/wp\/v2\/posts\/228948","targetHints":{"allow":["GET"]}}],"collection":[{"href":"https:\/\/corrientesdetarde.com\/index.php\/wp-json\/wp\/v2\/posts"}],"about":[{"href":"https:\/\/corrientesdetarde.com\/index.php\/wp-json\/wp\/v2\/types\/post"}],"author":[{"embeddable":true,"href":"https:\/\/corrientesdetarde.com\/index.php\/wp-json\/wp\/v2\/users\/1"}],"replies":[{"embeddable":true,"href":"https:\/\/corrientesdetarde.com\/index.php\/wp-json\/wp\/v2\/comments?post=228948"}],"version-history":[{"count":1,"href":"https:\/\/corrientesdetarde.com\/index.php\/wp-json\/wp\/v2\/posts\/228948\/revisions"}],"predecessor-version":[{"id":228950,"href":"https:\/\/corrientesdetarde.com\/index.php\/wp-json\/wp\/v2\/posts\/228948\/revisions\/228950"}],"wp:featuredmedia":[{"embeddable":true,"href":"https:\/\/corrientesdetarde.com\/index.php\/wp-json\/wp\/v2\/media\/228949"}],"wp:attachment":[{"href":"https:\/\/corrientesdetarde.com\/index.php\/wp-json\/wp\/v2\/media?parent=228948"}],"wp:term":[{"taxonomy":"category","embeddable":true,"href":"https:\/\/corrientesdetarde.com\/index.php\/wp-json\/wp\/v2\/categories?post=228948"},{"taxonomy":"post_tag","embeddable":true,"href":"https:\/\/corrientesdetarde.com\/index.php\/wp-json\/wp\/v2\/tags?post=228948"}],"curies":[{"name":"wp","href":"https:\/\/api.w.org\/{rel}","templated":true}]}}