{"id":228951,"date":"2025-09-28T08:24:19","date_gmt":"2025-09-28T11:24:19","guid":{"rendered":"https:\/\/corrientesdetarde.com\/?p=228951"},"modified":"2025-09-28T08:24:41","modified_gmt":"2025-09-28T11:24:41","slug":"tramo-final-del-juicio-a-un-remisero-por-el-abuso-sexual-a-un-joven-con-sindrome-de-down","status":"publish","type":"post","link":"https:\/\/corrientesdetarde.com\/index.php\/informacion-general\/tramo-final-del-juicio-a-un-remisero-por-el-abuso-sexual-a-un-joven-con-sindrome-de-down\/","title":{"rendered":"Tramo final del juicio a un remisero por el abuso sexual a un joven con S\u00edndrome de Down"},"content":{"rendered":"\n<p>El juicio oral contra\u00a0<strong>un remisero de Empedrado acusado de abuso sexual a un joven de 25 a\u00f1os con S\u00edndrome de Down\u00a0<\/strong>est\u00e1 en su tramo final.\u00a0<br>El abogado querellante, Guillermo Rojas Busellato, inform\u00f3 que el martes 30 se conocer\u00e1 la sentencia despu\u00e9s de que el imputado declare ante el Tribunal de Juicio N\u00b0 2, que est\u00e1 integrado por los jueces Elizabeth Azcona, Facundo Esquivel y Ariel Azcona.<\/p>\n\n\n\n<p><strong>Durante el juicio, se presentaron varios testigos que aportaron informaci\u00f3n sobre los graves hechos denunciados el 22 de diciembre de 2023.&nbsp;<\/strong><br>Seg\u00fan el querellante, el remisero de 38 a\u00f1os fue denunciado por la familia del joven despu\u00e9s de que notaran cambios en su conducta durante los viajes a Corrientes para asistir a un instituto especial.<\/p>\n\n\n\n<p><br><strong>El joven padece S\u00edndrome de Down y retraso madurativo, lo que le dificulta hablar y comunicarse<\/strong>, por lo que no hab\u00eda podido contar el calvario que pasaba. Sin embargo, la familia comenz\u00f3 a sospechar despu\u00e9s de que el remisero regres\u00f3 a realizar los viajes y el joven volvi\u00f3 a mostrar alteraciones de conducta.<br>La situaci\u00f3n se agrav\u00f3 cuando, despu\u00e9s de uno de esos traslados, el joven lleg\u00f3 a su casa media hora m\u00e1s tarde de lo esperado, lo que llev\u00f3 a sus padres a llevarlo a un m\u00e9dico de confianza que constat\u00f3 los abusos.<\/p>\n\n\n\n<p>El juicio est\u00e1 en su recta final y se espera que el fiscal Osvaldo Ojeda y la defensa realicen sus descargos y solicitudes de pena.&nbsp;<br>La querella anticip\u00f3 que pedir\u00e1 14 a\u00f1os de prisi\u00f3n para el remisero.&nbsp;<br>Despu\u00e9s de escuchar las declaraciones, los jueces decidir\u00e1n si el remisero es responsable penalmente de los hechos y se dar\u00e1 a conocer la sentencia en una audiencia final.<\/p>\n\n\n\n<p><br>Una vez que se de esta instancia, los jueces, despu\u00e9s de tomarse un receso, decidir\u00e1n si le cabe o no la responsabilidad penal al remisero en las graves acusaciones por la que est\u00e1 imputado.<br>Los a\u00f1os de condena se sabr\u00e1n reci\u00e9n en una audiencia final que se anunciar\u00e1 en la ocasi\u00f3n, donde adem\u00e1s se leer\u00e1n los argumentos del fallo. &nbsp;<\/p>\n","protected":false},"excerpt":{"rendered":"<p>El juicio oral contra\u00a0un remisero de Empedrado acusado de abuso sexual a un joven de 25 a\u00f1os con S\u00edndrome de Down\u00a0est\u00e1 en su tramo final.\u00a0El abogado querellante, Guillermo Rojas Busellato,&hellip; <\/p>\n","protected":false},"author":1,"featured_media":221629,"comment_status":"closed","ping_status":"open","sticky":false,"template":"","format":"standard","meta":{"footnotes":""},"categories":[1],"tags":[],"class_list":["post-228951","post","type-post","status-publish","format-standard","has-post-thumbnail","hentry","category-informacion-general"],"_links":{"self":[{"href":"https:\/\/corrientesdetarde.com\/index.php\/wp-json\/wp\/v2\/posts\/228951","targetHints":{"allow":["GET"]}}],"collection":[{"href":"https:\/\/corrientesdetarde.com\/index.php\/wp-json\/wp\/v2\/posts"}],"about":[{"href":"https:\/\/corrientesdetarde.com\/index.php\/wp-json\/wp\/v2\/types\/post"}],"author":[{"embeddable":true,"href":"https:\/\/corrientesdetarde.com\/index.php\/wp-json\/wp\/v2\/users\/1"}],"replies":[{"embeddable":true,"href":"https:\/\/corrientesdetarde.com\/index.php\/wp-json\/wp\/v2\/comments?post=228951"}],"version-history":[{"count":1,"href":"https:\/\/corrientesdetarde.com\/index.php\/wp-json\/wp\/v2\/posts\/228951\/revisions"}],"predecessor-version":[{"id":228953,"href":"https:\/\/corrientesdetarde.com\/index.php\/wp-json\/wp\/v2\/posts\/228951\/revisions\/228953"}],"wp:featuredmedia":[{"embeddable":true,"href":"https:\/\/corrientesdetarde.com\/index.php\/wp-json\/wp\/v2\/media\/221629"}],"wp:attachment":[{"href":"https:\/\/corrientesdetarde.com\/index.php\/wp-json\/wp\/v2\/media?parent=228951"}],"wp:term":[{"taxonomy":"category","embeddable":true,"href":"https:\/\/corrientesdetarde.com\/index.php\/wp-json\/wp\/v2\/categories?post=228951"},{"taxonomy":"post_tag","embeddable":true,"href":"https:\/\/corrientesdetarde.com\/index.php\/wp-json\/wp\/v2\/tags?post=228951"}],"curies":[{"name":"wp","href":"https:\/\/api.w.org\/{rel}","templated":true}]}}