{"id":228954,"date":"2025-09-28T08:51:39","date_gmt":"2025-09-28T11:51:39","guid":{"rendered":"https:\/\/corrientesdetarde.com\/?p=228954"},"modified":"2025-09-28T09:17:04","modified_gmt":"2025-09-28T12:17:04","slug":"clausura-2025-el-clasico-de-avellaneda-abre-el-domingo","status":"publish","type":"post","link":"https:\/\/corrientesdetarde.com\/index.php\/deportes\/clausura-2025-el-clasico-de-avellaneda-abre-el-domingo\/","title":{"rendered":"CLAUSURA 2025: EL CLASICO DE AVELLANEDA ABRE EL DOMINGO"},"content":{"rendered":"\n<p>(Nicol\u00e1s Reif\/Coco Ram\u00f3n) Racing e Independiente se enfrentan en el Cilindro. River recibe a Riestra.<\/p>\n\n\n\n<figure class=\"wp-block-embed is-type-video is-provider-youtube wp-block-embed-youtube wp-embed-aspect-16-9 wp-has-aspect-ratio\"><div class=\"wp-block-embed__wrapper\">\n<iframe loading=\"lazy\" title=\"El Cl\u00e1sico de Avellaneda se lleva el domingo\" width=\"1110\" height=\"624\" src=\"https:\/\/www.youtube.com\/embed\/JNJ_tTyvKwA?feature=oembed\" frameborder=\"0\" allow=\"accelerometer; autoplay; clipboard-write; encrypted-media; gyroscope; picture-in-picture; web-share\" referrerpolicy=\"strict-origin-when-cross-origin\" allowfullscreen><\/iframe>\n<\/div><\/figure>\n\n\n\n<p>La d\u00e9cima fecha del Clausura 2025 de la Liga Profesional del f\u00fatbol argentino continuar\u00e1 este domingo con cuatro encuentros.<\/p>\n\n\n\n<p>En primer turno, desde las 15.15, por ESPN Premium y TNT Sports, Racing e Independiente estar\u00e1n disputando una nueva edici\u00f3n del cl\u00e1sico de Avellaneda. En el rojo estar\u00e1 haciendo su debut como entrenador Gustavo Quinteros.<\/p>\n\n\n\n<p>Posteriormente, a las 18, por ESPN Premium, River Plate intentar\u00e1 dejar atr\u00e1s r\u00e1pidamente la eliminaci\u00f3n de Copa Libertadores sufrida ante Palmeiras cuando reciba a Deportivo Riestra en El Monumental.<\/p>\n\n\n\n<p>Las 19.30 horas ser\u00e1 la hora de inicio del tercer duelo del d\u00eda entre Independiente Rivadavia y Hurac\u00e1n en Mendoza con transmisi\u00f3n de TNT Sports.<\/p>\n\n\n\n<p>Cierran la jornada en Cordoba.<\/p>\n\n\n\n<p>Instituto Atl\u00e9tico Central Cordoba desde las 20.15 hs recibe a Lan\u00fas.<\/p>\n\n\n\n<p>Se podr\u00e1 ver por ESPN Premium.<\/p>\n","protected":false},"excerpt":{"rendered":"<p>(Nicol\u00e1s Reif\/Coco Ram\u00f3n) Racing e Independiente se enfrentan en el Cilindro. River recibe a Riestra. La d\u00e9cima fecha del Clausura 2025 de la Liga Profesional del f\u00fatbol argentino continuar\u00e1 este&hellip; <\/p>\n","protected":false},"author":11,"featured_media":197006,"comment_status":"closed","ping_status":"open","sticky":false,"template":"","format":"standard","meta":{"footnotes":""},"categories":[4],"tags":[],"class_list":["post-228954","post","type-post","status-publish","format-standard","has-post-thumbnail","hentry","category-deportes"],"_links":{"self":[{"href":"https:\/\/corrientesdetarde.com\/index.php\/wp-json\/wp\/v2\/posts\/228954","targetHints":{"allow":["GET"]}}],"collection":[{"href":"https:\/\/corrientesdetarde.com\/index.php\/wp-json\/wp\/v2\/posts"}],"about":[{"href":"https:\/\/corrientesdetarde.com\/index.php\/wp-json\/wp\/v2\/types\/post"}],"author":[{"embeddable":true,"href":"https:\/\/corrientesdetarde.com\/index.php\/wp-json\/wp\/v2\/users\/11"}],"replies":[{"embeddable":true,"href":"https:\/\/corrientesdetarde.com\/index.php\/wp-json\/wp\/v2\/comments?post=228954"}],"version-history":[{"count":2,"href":"https:\/\/corrientesdetarde.com\/index.php\/wp-json\/wp\/v2\/posts\/228954\/revisions"}],"predecessor-version":[{"id":228957,"href":"https:\/\/corrientesdetarde.com\/index.php\/wp-json\/wp\/v2\/posts\/228954\/revisions\/228957"}],"wp:featuredmedia":[{"embeddable":true,"href":"https:\/\/corrientesdetarde.com\/index.php\/wp-json\/wp\/v2\/media\/197006"}],"wp:attachment":[{"href":"https:\/\/corrientesdetarde.com\/index.php\/wp-json\/wp\/v2\/media?parent=228954"}],"wp:term":[{"taxonomy":"category","embeddable":true,"href":"https:\/\/corrientesdetarde.com\/index.php\/wp-json\/wp\/v2\/categories?post=228954"},{"taxonomy":"post_tag","embeddable":true,"href":"https:\/\/corrientesdetarde.com\/index.php\/wp-json\/wp\/v2\/tags?post=228954"}],"curies":[{"name":"wp","href":"https:\/\/api.w.org\/{rel}","templated":true}]}}