{"id":228963,"date":"2025-09-28T20:52:22","date_gmt":"2025-09-28T23:52:22","guid":{"rendered":"https:\/\/corrientesdetarde.com\/?p=228963"},"modified":"2025-09-28T20:52:30","modified_gmt":"2025-09-28T23:52:30","slug":"emilia-mernes-emociono-a-nogoya-su-pueblo-natal-con-un-mensaje-muy-especial-en-la-emision-de-su-serie-documental","status":"publish","type":"post","link":"https:\/\/corrientesdetarde.com\/index.php\/eventos\/emilia-mernes-emociono-a-nogoya-su-pueblo-natal-con-un-mensaje-muy-especial-en-la-emision-de-su-serie-documental\/","title":{"rendered":"Emilia Mernes emocion\u00f3 a Nogoy\u00e1, su pueblo natal, con un mensaje muy especial en la emisi\u00f3n de su serie documental"},"content":{"rendered":"\n<p><strong>Nogoy\u00e1, Entre R\u00edos, 28 de septiembre de 2025.<\/strong>\u00a0\u2013 La estrella pop argentina Emilia Mernes emocion\u00f3 a los vecinos de su pueblo natal Nogoy\u00e1 con un mensaje muy especial en medio de una tarde conmovedora por la proyecci\u00f3n de la serie documental sobre su vida y ascenso art\u00edstico a los escenarios del mundo.\u00a0<\/p>\n\n\n\n<p><\/p>\n\n\n\n<p>Unas 300 personas, en su mayor\u00eda j\u00f3venes fans de Emilia y vecinos que vieron a la artista dar sus primeros pasos en la plaza del pueblo y cantar por primera vez en la escuela, disfrutaron en dos funciones del documental en la Asociaci\u00f3n Cultural Nogoy\u00e1, en la provincia de Entre R\u00edos.<\/p>\n\n\n\n<figure class=\"wp-block-image size-large\"><img loading=\"lazy\" decoding=\"async\" width=\"1024\" height=\"658\" src=\"https:\/\/corrientesdetarde.com\/wp-content\/uploads\/2025\/09\/image-921-1024x658.png\" alt=\"\" class=\"wp-image-228980\" srcset=\"https:\/\/corrientesdetarde.com\/wp-content\/uploads\/2025\/09\/image-921-1024x658.png 1024w, https:\/\/corrientesdetarde.com\/wp-content\/uploads\/2025\/09\/image-921-300x193.png 300w, https:\/\/corrientesdetarde.com\/wp-content\/uploads\/2025\/09\/image-921-768x493.png 768w, https:\/\/corrientesdetarde.com\/wp-content\/uploads\/2025\/09\/image-921.png 1241w\" sizes=\"auto, (max-width: 1024px) 100vw, 1024px\" \/><\/figure>\n\n\n\n<p>En primera fila, con much\u00edsima emoci\u00f3n por el acontecimiento hist\u00f3rico para Nogoy\u00e1 por la emisi\u00f3n del documental de su hija pr\u00f3diga, estaban Gabriela Rueda, madre de Emilia, junto a su esposo y padre de la artista, Pedro Mernes; acompa\u00f1ados por el abuelo que le regal\u00f3 la primera guitarra y una t\u00eda.<\/p>\n\n\n\n<p>\u201cHola mi gente hermosa de Nogoy\u00e1, mi casa. Estoy muy feliz de que est\u00e9n todos juntos por ver mi documental. Me hace much\u00edsima ilusi\u00f3n. Les mando muchos besos. Agradezco a la gente de DIRECTV y DGO por hacer esto posible\u201d, dijo Emilia en su mensaje proyectado en pantalla gigante.&nbsp;<\/p>\n\n\n\n<p>La localidad de 40 mil habitantes ubicada 107 kil\u00f3metros al sureste de Paran\u00e1, la capital provincial, y 445 kil\u00f3metros al noroeste de la Ciudad Aut\u00f3noma de Buenos Aires, se ha visto revolucionada por el homenaje a la cantante que ya ha dado conciertos multitudinarios en Argentina, Chile, Espa\u00f1a, Estados Unidos y M\u00e9xico, entre otros pa\u00edses.<\/p>\n\n\n\n<p>Quienes llegaron hasta la Asociaci\u00f3n Cultural Nogoy\u00e1 pudieron vivir \u201c<strong><em>EMILIA. Lo que no se ve<\/em><\/strong>\u201d, la primera serie documental oficial de la artista entrerriana, estrenada este a\u00f1o en exclusiva por&nbsp;<strong>DIRECTV&nbsp;<\/strong>y aun disponible en la plataforma de TV en vivo y streaming&nbsp;<strong>DGO<\/strong>.<\/p>\n\n\n\n<p>El evento, realizado el s\u00e1bado 27 de septiembre reuni\u00f3 a vecinos, familias, amigos y seguidores que vivieron juntos el recorrido \u00edntimo de Emilia, desde sus primeros pasos en Nogoy\u00e1 hasta los escenarios m\u00e1s grandes del mundo.<\/p>\n\n\n\n<p>La emoci\u00f3n fue palpable en cada mirada, en cada risa y en cada l\u00e1grima generada por aquella artista que siempre supo el camino que quer\u00eda recorrer. Nogoy\u00e1 no solo vio el documental: lo sinti\u00f3, lo vivi\u00f3 y lo hizo suyo.<\/p>\n\n\n\n<p>La serie documental, compuesta por cuatro episodios, revela el detr\u00e1s de escena de su exitosa gira .MP3 Tour y muestra a Emilia en su faceta m\u00e1s personal: sus sue\u00f1os, sus sacrificios, sus logros y tambi\u00e9n sus fragilidades.<\/p>\n\n\n\n<p>En especial, el episodio \u201cEl origen\u201d reson\u00f3 con fuerza entre los presentes, al retratar con sensibilidad el entorno que la vio crecer y la decisi\u00f3n de no dejar que las circunstancias definieran su destino.<\/p>\n\n\n\n<p>La iniciativa forma parte del compromiso de DIRECTV con la promoci\u00f3n de contenidos culturales que conectan emocionalmente con las audiencias y celebran las historias que inspiran.<\/p>\n\n\n\n<p>La proyecci\u00f3n de la serie en Nogoy\u00e1 fue un gesto de reconocimiento, de gratitud y de celebraci\u00f3n colectiva, que la propia familia de Emilia Mernes lo vivi\u00f3 con profunda emoci\u00f3n.<\/p>\n\n\n\n<p>Emilia Mernes ha recibido varios premios a lo largo de su carrera. Entre ellos se encuentran dos Premios Gardel y un Los 40 Music Awards, entre otros. En 2023, gan\u00f3 la Gaviota de Plata y la Gaviota de Oro en el Festival Internacional de la Canci\u00f3n de Vi\u00f1a del Mar.<\/p>\n","protected":false},"excerpt":{"rendered":"<p>Nogoy\u00e1, Entre R\u00edos, 28 de septiembre de 2025.\u00a0\u2013 La estrella pop argentina Emilia Mernes emocion\u00f3 a los vecinos de su pueblo natal Nogoy\u00e1 con un mensaje muy especial en medio&hellip; <\/p>\n","protected":false},"author":1,"featured_media":228974,"comment_status":"closed","ping_status":"open","sticky":false,"template":"","format":"standard","meta":{"footnotes":""},"categories":[22],"tags":[],"class_list":["post-228963","post","type-post","status-publish","format-standard","has-post-thumbnail","hentry","category-eventos"],"_links":{"self":[{"href":"https:\/\/corrientesdetarde.com\/index.php\/wp-json\/wp\/v2\/posts\/228963","targetHints":{"allow":["GET"]}}],"collection":[{"href":"https:\/\/corrientesdetarde.com\/index.php\/wp-json\/wp\/v2\/posts"}],"about":[{"href":"https:\/\/corrientesdetarde.com\/index.php\/wp-json\/wp\/v2\/types\/post"}],"author":[{"embeddable":true,"href":"https:\/\/corrientesdetarde.com\/index.php\/wp-json\/wp\/v2\/users\/1"}],"replies":[{"embeddable":true,"href":"https:\/\/corrientesdetarde.com\/index.php\/wp-json\/wp\/v2\/comments?post=228963"}],"version-history":[{"count":1,"href":"https:\/\/corrientesdetarde.com\/index.php\/wp-json\/wp\/v2\/posts\/228963\/revisions"}],"predecessor-version":[{"id":228984,"href":"https:\/\/corrientesdetarde.com\/index.php\/wp-json\/wp\/v2\/posts\/228963\/revisions\/228984"}],"wp:featuredmedia":[{"embeddable":true,"href":"https:\/\/corrientesdetarde.com\/index.php\/wp-json\/wp\/v2\/media\/228974"}],"wp:attachment":[{"href":"https:\/\/corrientesdetarde.com\/index.php\/wp-json\/wp\/v2\/media?parent=228963"}],"wp:term":[{"taxonomy":"category","embeddable":true,"href":"https:\/\/corrientesdetarde.com\/index.php\/wp-json\/wp\/v2\/categories?post=228963"},{"taxonomy":"post_tag","embeddable":true,"href":"https:\/\/corrientesdetarde.com\/index.php\/wp-json\/wp\/v2\/tags?post=228963"}],"curies":[{"name":"wp","href":"https:\/\/api.w.org\/{rel}","templated":true}]}}