{"id":228964,"date":"2025-09-28T20:50:33","date_gmt":"2025-09-28T23:50:33","guid":{"rendered":"https:\/\/corrientesdetarde.com\/?p=228964"},"modified":"2025-09-29T07:29:36","modified_gmt":"2025-09-29T10:29:36","slug":"corrientes-alista-la-temporada-de-playas-juan-enrique-braillard-poccard-queremos-que-nuestras-playas-sean-un-lugar-seguro-limpio-y-accesible","status":"publish","type":"post","link":"https:\/\/corrientesdetarde.com\/index.php\/destacados\/corrientes-alista-la-temporada-de-playas-juan-enrique-braillard-poccard-queremos-que-nuestras-playas-sean-un-lugar-seguro-limpio-y-accesible\/","title":{"rendered":"Corrientes alista la temporada de playas"},"content":{"rendered":"\n<p><em>La Municipalidad habilitar\u00e1 sus cinco balnearios con guardavidas, ba\u00f1os abiertos hasta la madrugada en la Costanera y una playa pet friendly. Sumar\u00e1 adem\u00e1s un ascensor en la playa Islas Malvinas para facilitar el acceso de personas en sillas de ruedas o con dificultades motrices. Habr\u00e1 adem\u00e1s actividades deportivas y servicios especiales durante los grandes eventos de verano.<\/em><\/p>\n\n\n\n<p><\/p>\n\n\n\n<figure class=\"wp-block-embed is-type-video is-provider-youtube wp-block-embed-youtube wp-embed-aspect-16-9 wp-has-aspect-ratio\"><div class=\"wp-block-embed__wrapper\">\n<iframe loading=\"lazy\" title=\"Corrientes alista la temporada de playas con m\u00e1s accesibilidad, servicios y propuestas recreativas\" width=\"1110\" height=\"624\" src=\"https:\/\/www.youtube.com\/embed\/ZF2S54aY7Zs?feature=oembed\" frameborder=\"0\" allow=\"accelerometer; autoplay; clipboard-write; encrypted-media; gyroscope; picture-in-picture; web-share\" referrerpolicy=\"strict-origin-when-cross-origin\" allowfullscreen><\/iframe>\n<\/div><\/figure>\n\n\n\n<p>La Municipalidad de Corrientes anunci\u00f3 que desde el martes 1 de octubre quedar\u00e1n oficialmente habilitadas todas las playas p\u00fablicas de la ciudad hasta abril, en el marco de una nueva edici\u00f3n del programa \u201cEl verano m\u00e1s largo del pa\u00eds\u201d. Con esta apertura, los cinco balnearios municipales \u2013Arazaty I y II, Molina Punta, Islas Malvinas I y II\u2013 contar\u00e1n con todos los servicios en funcionamiento de manera ininterrumpida.<br><br>El secretario de Turismo y Deportes, Juan Enrique Braillard Poccard, se\u00f1al\u00f3: \u201cDesde el 1 de octubre vamos a estar con las cinco playas p\u00fablicas trabajando a full con todos los servicios\u201d.<br><br>Al respecto, precis\u00f3 que los balnearios estar\u00e1n abiertos de 8 a 20 horas con cobertura de guardavidas, personal de Guardia Urbana y acompa\u00f1amiento de la Polic\u00eda de Corrientes, adem\u00e1s de tareas permanentes de limpieza, ba\u00f1os habilitados y otros servicios.<\/p>\n\n\n\n<figure class=\"wp-block-image size-full\"><img loading=\"lazy\" decoding=\"async\" width=\"885\" height=\"620\" src=\"https:\/\/corrientesdetarde.com\/wp-content\/uploads\/2025\/09\/image-917.png\" alt=\"\" class=\"wp-image-228969\" srcset=\"https:\/\/corrientesdetarde.com\/wp-content\/uploads\/2025\/09\/image-917.png 885w, https:\/\/corrientesdetarde.com\/wp-content\/uploads\/2025\/09\/image-917-300x210.png 300w, https:\/\/corrientesdetarde.com\/wp-content\/uploads\/2025\/09\/image-917-768x538.png 768w\" sizes=\"auto, (max-width: 885px) 100vw, 885px\" \/><\/figure>\n\n\n\n<p><br><br>En Arazaty I y II y Malvinas I, los sanitarios permanecer\u00e1n abiertos hasta las 2.30 de la madrugada. \u201cEn la Costanera tenemos varios restaurantes y bares que funcionan en horario nocturno, y tenemos que darle ese servicio tambi\u00e9n al vecino y al turista que nos visite\u201d, remarc\u00f3 el funcionario.<br><br>La ciudad ofrecer\u00e1 por tercer a\u00f1o consecutivo el espacio amigable para mascotas en la playa Malvinas II. \u201cEsta es la tercera temporada que vamos a estar con la playa Pet Friendly, donde el vecino o el turista pueden bajar con su mascota. Lo que pedimos siempre es que cada uno se haga cargo de los desechos y respete al otro que est\u00e1 disfrutando del balneario\u201d, sostuvo Braillard Poccard.<br><br>En cuanto a la seguridad en el agua, subray\u00f3: \u201cEl cuerpo de guardavidas trabaja de forma permanente colocando boyados, realizando vigilancia en la playa y desde las garitas, y cuidando la seguridad de todos los ba\u00f1istas\u201d. Adem\u00e1s, destac\u00f3 el esfuerzo de las distintas \u00e1reas municipales: \u201cSiempre resalto el trabajo conjunto con la Secretar\u00eda de Ambiente y Espacios P\u00fablicos&nbsp;porque nuestras playas no son solo arena y r\u00edo: todo el entorno parquizado invita a venir a pasar el verano\u201d.<br><br>Braillard Poccard record\u00f3 que la estrategia de extender la temporada responde a la demanda creciente: \u201cA lo largo de estos a\u00f1os hemos ido sumando servicios en base a lo que ped\u00edan los turistas. Empezamos a abrir en vacaciones de julio y ahora lo hacemos todo el a\u00f1o\u201d.<br><br>De cara a los meses de mayor afluencia, adelant\u00f3: \u201cPara el momento m\u00e1s caliente del verano, que son diciembre, enero, febrero y marzo, vamos a estar con todas las playas en \u00f3ptimas condiciones. Queremos que quienes vengan a disfrutar de la Fiesta Nacional del Chamam\u00e9, los Carnavales o los eventos que se realicen en la ciudad, encuentren los servicios a pleno\u201d.<\/p>\n\n\n\n<figure class=\"wp-block-image size-large\"><img loading=\"lazy\" decoding=\"async\" width=\"1024\" height=\"659\" src=\"https:\/\/corrientesdetarde.com\/wp-content\/uploads\/2025\/09\/image-918-1024x659.png\" alt=\"\" class=\"wp-image-228970\" srcset=\"https:\/\/corrientesdetarde.com\/wp-content\/uploads\/2025\/09\/image-918-1024x659.png 1024w, https:\/\/corrientesdetarde.com\/wp-content\/uploads\/2025\/09\/image-918-300x193.png 300w, https:\/\/corrientesdetarde.com\/wp-content\/uploads\/2025\/09\/image-918-768x494.png 768w, https:\/\/corrientesdetarde.com\/wp-content\/uploads\/2025\/09\/image-918.png 1297w\" sizes=\"auto, (max-width: 1024px) 100vw, 1024px\" \/><\/figure>\n\n\n\n<p><br><br>La temporada de verano se extender\u00e1 hasta abril, consolidando a Corrientes como destino tur\u00edstico en crecimiento. \u201cCorrientes tiene movimiento tur\u00edstico todo el a\u00f1o con reuniones, congresos y torneos, pero en verano vivimos nuestro momento m\u00e1s fuerte, y queremos que nuestras playas sean un lugar seguro, limpio y accesible para todos\u201d, concluy\u00f3 Braillard Poccard.<br><br>ACCESIBILIDAD Y SEGURIDAD<br>Por su parte, el director General de Playas y Balnearios, Adri\u00e1n Meza, resalt\u00f3 las mejoras en accesibilidad: \u201cColocamos decks que permiten llegar pr\u00e1cticamente hasta el agua, y en Malvinas I se hizo una reforma total el a\u00f1o pasado y se est\u00e1 pr\u00f3ximo a inaugurar un ascensor para que las personas en silla de ruedas o con dificultades motrices tambi\u00e9n puedan disfrutar del r\u00edo\u201d.<br><br>Destac\u00f3 adem\u00e1s la experiencia del programa Playas Todo el A\u00f1o, que en temporada baja habilit\u00f3 parcialmente Arazaty I, Islas Malvinas II y Molina Punta, con la visita de m\u00e1s de 35.000 personas los fines de semana y feriados. \u201cEl clima de Corrientes nos permiti\u00f3 ofrecer esta alternativa en fines de semana largos, vacaciones de invierno y d\u00edas con temperaturas agradables\u201d, indic\u00f3.<br><br>En relaci\u00f3n a la seguridad, precis\u00f3: \u201cEstamos trabajando con casi el 90% del plantel de guardavidas que finaliz\u00f3 la temporada pasada, que adem\u00e1s se ocupan de tareas de mantenimiento, limpieza y hasta del cuidado de las sombrillas\u201d.<br><br>El funcionario tambi\u00e9n record\u00f3 que \u201csigue vigente la ordenanza 5875, que proh\u00edbe el ingreso a las playas con elementos punzocortantes, botellas de vidrio, bebidas alcoh\u00f3licas o mascotas, salvo en Malvinas II, que es la playa habilitada como pet friendly\u201d.<\/p>\n\n\n\n<figure class=\"wp-block-image size-large\"><img loading=\"lazy\" decoding=\"async\" width=\"1024\" height=\"750\" src=\"https:\/\/corrientesdetarde.com\/wp-content\/uploads\/2025\/09\/image-919-1024x750.png\" alt=\"\" class=\"wp-image-228971\" srcset=\"https:\/\/corrientesdetarde.com\/wp-content\/uploads\/2025\/09\/image-919-1024x750.png 1024w, https:\/\/corrientesdetarde.com\/wp-content\/uploads\/2025\/09\/image-919-300x220.png 300w, https:\/\/corrientesdetarde.com\/wp-content\/uploads\/2025\/09\/image-919-768x563.png 768w, https:\/\/corrientesdetarde.com\/wp-content\/uploads\/2025\/09\/image-919.png 1099w\" sizes=\"auto, (max-width: 1024px) 100vw, 1024px\" \/><\/figure>\n","protected":false},"excerpt":{"rendered":"<p>La Municipalidad habilitar\u00e1 sus cinco balnearios con guardavidas, ba\u00f1os abiertos hasta la madrugada en la Costanera y una playa pet friendly. Sumar\u00e1 adem\u00e1s un ascensor en la playa Islas Malvinas&hellip; <\/p>\n","protected":false},"author":1,"featured_media":228968,"comment_status":"closed","ping_status":"open","sticky":false,"template":"","format":"standard","meta":{"footnotes":""},"categories":[26],"tags":[],"class_list":["post-228964","post","type-post","status-publish","format-standard","has-post-thumbnail","hentry","category-destacados"],"_links":{"self":[{"href":"https:\/\/corrientesdetarde.com\/index.php\/wp-json\/wp\/v2\/posts\/228964","targetHints":{"allow":["GET"]}}],"collection":[{"href":"https:\/\/corrientesdetarde.com\/index.php\/wp-json\/wp\/v2\/posts"}],"about":[{"href":"https:\/\/corrientesdetarde.com\/index.php\/wp-json\/wp\/v2\/types\/post"}],"author":[{"embeddable":true,"href":"https:\/\/corrientesdetarde.com\/index.php\/wp-json\/wp\/v2\/users\/1"}],"replies":[{"embeddable":true,"href":"https:\/\/corrientesdetarde.com\/index.php\/wp-json\/wp\/v2\/comments?post=228964"}],"version-history":[{"count":4,"href":"https:\/\/corrientesdetarde.com\/index.php\/wp-json\/wp\/v2\/posts\/228964\/revisions"}],"predecessor-version":[{"id":229054,"href":"https:\/\/corrientesdetarde.com\/index.php\/wp-json\/wp\/v2\/posts\/228964\/revisions\/229054"}],"wp:featuredmedia":[{"embeddable":true,"href":"https:\/\/corrientesdetarde.com\/index.php\/wp-json\/wp\/v2\/media\/228968"}],"wp:attachment":[{"href":"https:\/\/corrientesdetarde.com\/index.php\/wp-json\/wp\/v2\/media?parent=228964"}],"wp:term":[{"taxonomy":"category","embeddable":true,"href":"https:\/\/corrientesdetarde.com\/index.php\/wp-json\/wp\/v2\/categories?post=228964"},{"taxonomy":"post_tag","embeddable":true,"href":"https:\/\/corrientesdetarde.com\/index.php\/wp-json\/wp\/v2\/tags?post=228964"}],"curies":[{"name":"wp","href":"https:\/\/api.w.org\/{rel}","templated":true}]}}