{"id":228965,"date":"2025-09-28T20:47:24","date_gmt":"2025-09-28T23:47:24","guid":{"rendered":"https:\/\/corrientesdetarde.com\/?p=228965"},"modified":"2025-09-28T20:47:29","modified_gmt":"2025-09-28T23:47:29","slug":"itati-recibio-a-mas-de-400-mil-peregrinos-en-la-46-peregrinacion-juvenil-del-nea","status":"publish","type":"post","link":"https:\/\/corrientesdetarde.com\/index.php\/locales\/itati-recibio-a-mas-de-400-mil-peregrinos-en-la-46-peregrinacion-juvenil-del-nea\/","title":{"rendered":"Itat\u00ed recibi\u00f3 a m\u00e1s de 400 mil peregrinos en la 46\u00b0 Peregrinaci\u00f3n Juvenil del NEA"},"content":{"rendered":"\n<p><strong>Itat\u00ed\u00a0<\/strong>rebosa de fe con la\u00a0<strong>46\u00b0 Peregrinaci\u00f3n Juvenil del NEA\u00a0<\/strong>hacia la\u00a0<strong>Bas\u00edlica<\/strong>. Hasta el momento se contabilizaron\u00a0<strong>m\u00e1s de 400 mil peregrinos\u00a0<\/strong>que llegaron a renovar su fe.<\/p>\n\n\n\n<p>Cabe recordar que en las&nbsp;<strong>primeras horas del s\u00e1bado&nbsp;<\/strong>y pese a&nbsp;<strong>lluvia<\/strong>, llegaron los&nbsp;<strong>primeros grupos&nbsp;<\/strong>provenientes de&nbsp;<strong>Entre R\u00edos&nbsp;<\/strong>o localidades como&nbsp;<strong>Santo Tom\u00e9<\/strong>. Hasta que el agua ca\u00edda lo permiti\u00f3, muchos eligieron el&nbsp;<strong>atajo&nbsp;<\/strong>de la&nbsp;<strong>Ruta Provincial N\u00b0 89<\/strong>.<\/p>\n\n\n\n<p>Pero la cont\u00ednua lluvia provoc\u00f3 que la&nbsp;<strong>Ruta Nacional 12&nbsp;<\/strong>y la&nbsp;<strong>20&nbsp;<\/strong>sean usadas por los peregrinos que&nbsp;<strong>no detuvieron su marcha&nbsp;<\/strong>hacia la&nbsp;<strong>Bas\u00edlica<\/strong>.<\/p>\n\n\n\n<p>En tanto que desde el&nbsp;<strong>trayecto&nbsp;<\/strong>entre&nbsp;<strong>Capital&nbsp;<\/strong>e&nbsp;<strong>Itat\u00ed&nbsp;<\/strong>se contabilizaron m\u00e1s de&nbsp;<strong>400 mil personas&nbsp;<\/strong>que caminaron bajo el agua.<\/p>\n\n\n\n<h2 class=\"wp-block-heading\">Seguridad para los peregrinos<\/h2>\n\n\n\n<p>Por otra parte, se despleg\u00f3 un&nbsp;<strong>operativo&nbsp;<\/strong>que involucr\u00f3 a diferentes&nbsp;<strong>Fuerzas de Seguridad Nacional<\/strong>,&nbsp;<strong>Defensa Civil<\/strong>,&nbsp;<strong>Cruz Roja&nbsp;<\/strong>y las&nbsp;<strong>municipalidades&nbsp;<\/strong>del trayecto, entre otras. Se traz\u00f3 un importante&nbsp;<strong>redireccionamiento&nbsp;<\/strong>del&nbsp;<strong>tr\u00e1nsito&nbsp;<\/strong>para evitar accidentes y la congesti\u00f3n vehicular.<\/p>\n\n\n\n<p>El&nbsp;<strong>operativo&nbsp;<\/strong>entr\u00f3 en&nbsp;<strong>vigencia&nbsp;<\/strong>a las 00 del s\u00e1bado y concluye a las&nbsp;<strong>17&nbsp;<\/strong>de este&nbsp;<strong>domingo<\/strong>.<\/p>\n\n\n\n<p>En tanto que las&nbsp;<strong>autoridades instaron&nbsp;<\/strong>a los peregrinos a&nbsp;<strong>respetar las indicaciones&nbsp;<\/strong>de los&nbsp;<strong>organizadores&nbsp;<\/strong>y a mantenerse en la&nbsp;<strong>bicisenda&nbsp;<\/strong>y la&nbsp;<strong>banquina&nbsp;<\/strong>norte de la&nbsp;<strong>Ruta Nacional 12<\/strong>.<\/p>\n","protected":false},"excerpt":{"rendered":"<p>Itat\u00ed\u00a0rebosa de fe con la\u00a046\u00b0 Peregrinaci\u00f3n Juvenil del NEA\u00a0hacia la\u00a0Bas\u00edlica. Hasta el momento se contabilizaron\u00a0m\u00e1s de 400 mil peregrinos\u00a0que llegaron a renovar su fe. Cabe recordar que en las&nbsp;primeras horas&hellip; <\/p>\n","protected":false},"author":1,"featured_media":228966,"comment_status":"closed","ping_status":"open","sticky":false,"template":"","format":"standard","meta":{"footnotes":""},"categories":[8],"tags":[],"class_list":["post-228965","post","type-post","status-publish","format-standard","has-post-thumbnail","hentry","category-locales"],"_links":{"self":[{"href":"https:\/\/corrientesdetarde.com\/index.php\/wp-json\/wp\/v2\/posts\/228965","targetHints":{"allow":["GET"]}}],"collection":[{"href":"https:\/\/corrientesdetarde.com\/index.php\/wp-json\/wp\/v2\/posts"}],"about":[{"href":"https:\/\/corrientesdetarde.com\/index.php\/wp-json\/wp\/v2\/types\/post"}],"author":[{"embeddable":true,"href":"https:\/\/corrientesdetarde.com\/index.php\/wp-json\/wp\/v2\/users\/1"}],"replies":[{"embeddable":true,"href":"https:\/\/corrientesdetarde.com\/index.php\/wp-json\/wp\/v2\/comments?post=228965"}],"version-history":[{"count":1,"href":"https:\/\/corrientesdetarde.com\/index.php\/wp-json\/wp\/v2\/posts\/228965\/revisions"}],"predecessor-version":[{"id":228967,"href":"https:\/\/corrientesdetarde.com\/index.php\/wp-json\/wp\/v2\/posts\/228965\/revisions\/228967"}],"wp:featuredmedia":[{"embeddable":true,"href":"https:\/\/corrientesdetarde.com\/index.php\/wp-json\/wp\/v2\/media\/228966"}],"wp:attachment":[{"href":"https:\/\/corrientesdetarde.com\/index.php\/wp-json\/wp\/v2\/media?parent=228965"}],"wp:term":[{"taxonomy":"category","embeddable":true,"href":"https:\/\/corrientesdetarde.com\/index.php\/wp-json\/wp\/v2\/categories?post=228965"},{"taxonomy":"post_tag","embeddable":true,"href":"https:\/\/corrientesdetarde.com\/index.php\/wp-json\/wp\/v2\/tags?post=228965"}],"curies":[{"name":"wp","href":"https:\/\/api.w.org\/{rel}","templated":true}]}}