{"id":229004,"date":"2025-09-28T20:59:23","date_gmt":"2025-09-28T23:59:23","guid":{"rendered":"https:\/\/corrientesdetarde.com\/?p=229004"},"modified":"2025-09-28T20:59:24","modified_gmt":"2025-09-28T23:59:24","slug":"murio-mujer-que-fue-golpeada-durante-un-robo-en-corrientes","status":"publish","type":"post","link":"https:\/\/corrientesdetarde.com\/index.php\/policiales\/murio-mujer-que-fue-golpeada-durante-un-robo-en-corrientes\/","title":{"rendered":"Muri\u00f3 mujer que fue golpeada durante un robo en Corrientes"},"content":{"rendered":"\n<p>La v\u00edctima de un motochorro ten\u00eda 65 a\u00f1os. El 18 de septiembre sali\u00f3 de su casa para comprar pan y la atac\u00f3 el ladr\u00f3n, arrastr\u00e1ndola 20 metros. Al caer contra el pavimento sufri\u00f3 una lesi\u00f3n muy grave en la cabeza. Estuvo internada en terapia y finalmente falleci\u00f3 ayer.<\/p>\n\n\n\n<p>Una mujer que fue v\u00edctima de un arrebato violento muri\u00f3 ayer como consecuencia de una herida en la cabeza, sufrida al ser arrastrada 20 metros y caer contra el pavimento, en la zona sureste de la ciudad de Corrientes.<\/p>\n\n\n\n<p>Mirna Elizabeth ten\u00eda 65 a\u00f1os y el jueves 18 de septiembre a la ma\u00f1ana sali\u00f3 de su casa para ir caminando lentamente hacia un almac\u00e9n donde ten\u00eda pensado comprar un poco de pan y por eso llevaba un bolsito donde ten\u00eda un tel\u00e9fono celular de modesta tecnolog\u00eda; pero en el trayecto se transform\u00f3 en blanco de un delincuente despiadado.<\/p>\n\n\n\n<p>&#8220;\u00a1\u00a1Por favoooor!!&#8221;, fue lo \u00faltimo que alcanz\u00f3 a decir Mirna mientras trastabillaba y ca\u00eda de frente contra el piso, en la esquina de calle Larrea y un pasaje sin nombre del barrio 9 de Julio.<\/p>\n\n\n\n<p>Eran exactamente las 9:38 cuando vecinos de la zona salieron de sus casas, pidieron presencia policial y solicitaron una ambulancia urgente.<\/p>\n\n\n\n<p>La sexagenaria que perdi\u00f3 el conocimiento debido a la lesi\u00f3n en el cr\u00e1neo fue llevada hacia un establecimiento m\u00e9dico p\u00fablico y luego derivada a una cl\u00ednica privada, seg\u00fan explicaron fuentes policiales.<\/p>\n\n\n\n<p>D\u00edas despu\u00e9s del robo del bolso con pan y el celular trascendieron las im\u00e1genes de dos c\u00e1maras de seguridad. Los dispositivos captaron el delito, tomaron con ciertos detalles al autor del robo y son parte del material que la Polic\u00eda, como la Justicia, poseen para tratar de identificar al motochorro.<\/p>\n\n\n\n<p>Lo que se desprende de las filmaciones permiten saber la modalidad del robo. El maleante primero pas\u00f3 por la cuadra, observ\u00f3 a la mujer indefensa, hizo un giro sobre la calle y volvi\u00f3 hacia ella.<\/p>\n\n\n\n<p>Despu\u00e9s, el ladr\u00f3n la atac\u00f3 por la espalda. Sujetado al bolso, tirone\u00f3 de \u00e9l hasta arrastrar a la mujer que empez\u00f3 a trastabillar, sin poder desprenderse de la correa y as\u00ed es como termin\u00f3 precipit\u00e1ndose en medio de calle Larrea.<\/p>\n\n\n\n<p>Mirna sufri\u00f3 un severo traumatismo de cr\u00e1neo, mientras el delincuente aceler\u00f3 el veh\u00edculo para darse a la fuga en sentido a calle Las Piedras, arteria que habr\u00eda tomado en direcci\u00f3n a la avenida Cartagena.<\/p>\n\n\n\n<p>La investigaci\u00f3n fue iniciada de oficio por parte de las autoridades de la comisar\u00eda seccional Octava.<\/p>\n\n\n\n<p>El motochorro vest\u00eda ropas de grafa, similares a las de personal de la construcci\u00f3n o personal municipal. Llevaba casco colocado y la motocicleta utilizada ser\u00eda una 110.<\/p>\n\n\n\n<p>Hasta ayer no hab\u00eda detenido o sospechoso alguno en relaci\u00f3n a este delito que finaliz\u00f3 en un crimen.<\/p>\n","protected":false},"excerpt":{"rendered":"<p>La v\u00edctima de un motochorro ten\u00eda 65 a\u00f1os. El 18 de septiembre sali\u00f3 de su casa para comprar pan y la atac\u00f3 el ladr\u00f3n, arrastr\u00e1ndola 20 metros. Al caer contra&hellip; <\/p>\n","protected":false},"author":4,"featured_media":229007,"comment_status":"closed","ping_status":"open","sticky":false,"template":"","format":"standard","meta":{"footnotes":""},"categories":[33],"tags":[],"class_list":["post-229004","post","type-post","status-publish","format-standard","has-post-thumbnail","hentry","category-policiales"],"_links":{"self":[{"href":"https:\/\/corrientesdetarde.com\/index.php\/wp-json\/wp\/v2\/posts\/229004","targetHints":{"allow":["GET"]}}],"collection":[{"href":"https:\/\/corrientesdetarde.com\/index.php\/wp-json\/wp\/v2\/posts"}],"about":[{"href":"https:\/\/corrientesdetarde.com\/index.php\/wp-json\/wp\/v2\/types\/post"}],"author":[{"embeddable":true,"href":"https:\/\/corrientesdetarde.com\/index.php\/wp-json\/wp\/v2\/users\/4"}],"replies":[{"embeddable":true,"href":"https:\/\/corrientesdetarde.com\/index.php\/wp-json\/wp\/v2\/comments?post=229004"}],"version-history":[{"count":1,"href":"https:\/\/corrientesdetarde.com\/index.php\/wp-json\/wp\/v2\/posts\/229004\/revisions"}],"predecessor-version":[{"id":229008,"href":"https:\/\/corrientesdetarde.com\/index.php\/wp-json\/wp\/v2\/posts\/229004\/revisions\/229008"}],"wp:featuredmedia":[{"embeddable":true,"href":"https:\/\/corrientesdetarde.com\/index.php\/wp-json\/wp\/v2\/media\/229007"}],"wp:attachment":[{"href":"https:\/\/corrientesdetarde.com\/index.php\/wp-json\/wp\/v2\/media?parent=229004"}],"wp:term":[{"taxonomy":"category","embeddable":true,"href":"https:\/\/corrientesdetarde.com\/index.php\/wp-json\/wp\/v2\/categories?post=229004"},{"taxonomy":"post_tag","embeddable":true,"href":"https:\/\/corrientesdetarde.com\/index.php\/wp-json\/wp\/v2\/tags?post=229004"}],"curies":[{"name":"wp","href":"https:\/\/api.w.org\/{rel}","templated":true}]}}