{"id":229017,"date":"2025-09-28T21:54:51","date_gmt":"2025-09-29T00:54:51","guid":{"rendered":"https:\/\/corrientesdetarde.com\/?p=229017"},"modified":"2025-09-28T21:54:58","modified_gmt":"2025-09-29T00:54:58","slug":"corrientes-se-destaco-en-bariloche-como-provincia-propicia-para-el-desarrollo-de-pymes-2","status":"publish","type":"post","link":"https:\/\/corrientesdetarde.com\/index.php\/actualidad\/corrientes-se-destaco-en-bariloche-como-provincia-propicia-para-el-desarrollo-de-pymes-2\/","title":{"rendered":"Corrientes se destac\u00f3 en Bariloche como provincia propicia para el desarrollo de pymes"},"content":{"rendered":"\n<p>La provincia de Corrientes fue parte del&nbsp; XXVIII Foro Iberoamericano de Sistema de Garant\u00edas y Financiamiento Pymes, realizado en la ciudad de San Carlos de Bariloche<\/p>\n\n\n\n<p>En el marco del XXVIII Foro Iberoamericano de Sistema de Garant\u00edas y Financiamiento Pymes, realizado en la ciudad de San Carlos de Bariloche, en representaci\u00f3n del Gobierno de la Provincia de Corrientes y la Subsecretar\u00eda de Hacienda a cargo de Carlos Patricio Carando, el Director Sec Gral de Hacienda, Juan Jose Affur y el Coordinador de Herramientas Financieras, Ricardo Charpin; exhibieron, ante un p\u00fablico internacional, las bondades que Corrientes tiene a la hora de potenciar y radicar pymes, poniendo en relieve que &#8220;somos la provincia con menor Carga Fiscal del Pa\u00eds, que poseemos un R\u00e9gimen de Promoci\u00f3n de Inversiones, Puertos y un portafolio extenso de herramientas financieras como FodIn (Fondo de Desarrollo Industrial), FideCor (Fondo de Desarrollo para la Econom\u00eda de Corrientes), lineas de creditos que aplican con CFI (Coparticipaci\u00f3n Provincial), y el dise\u00f1o de un veh\u00edculo \u00e1gil que permite a las Pymes tener su primer contacto con el mercado de capitales, como as\u00ed tambien posee un Fondo de Garant\u00edas, Desarrollo, Sustentabilidad Y Antic\u00edclico que acompa\u00f1a a las pymes en la toma de cr\u00e9ditos a tasas muy beneficiosas, generando as\u00ed las condiciones propicias para el desarrollo, expansi\u00f3n, y radicaci\u00f3n de pymes en la provincia&#8221;.<\/p>\n\n\n\n<p>Estas herramientas financieras se dise\u00f1an, y ejecutan bajo la \u00f3rbita de la Subsecretar\u00eda de Hacienda de la provincia, all\u00ed han encontrado la articulaci\u00f3n adecuada para lograr la m\u00e1xima eficacia.&nbsp;<\/p>\n\n\n\n<p>Entre los programas m\u00e1s relevantes que permitieron acompa\u00f1ar a m\u00e1s de 4000 Pymes de esta manera, se puede enumerar:<\/p>\n\n\n\n<p>\u2022 Fortalecimiento de la Industria C\u00e1rnica<\/p>\n\n\n\n<p>\u2022 Relocalizaci\u00f3n de Pymes en Parques Industriales<\/p>\n\n\n\n<p>\u2022 Reconversi\u00f3n Energ\u00e9tica<\/p>\n\n\n\n<p>\u2022 Financiamiento Verde (Social, Verde y Sostenible)<\/p>\n\n\n\n<p>\u2022 Desarrollo de Cadenas de Valor<\/p>\n\n\n\n<p>\u2022 Desarrollo Operadores Tur\u00edsticos&nbsp;<\/p>\n\n\n\n<p>\u2022 L\u00ednea Eficiencia H\u00eddrica&nbsp;<\/p>\n\n\n\n<p>\u2022 L\u00ednea Mujeres<\/p>\n\n\n\n<p>\u2022 Fideicomiso Financiero Corrientes Exporta Arroz<\/p>\n\n\n\n<p>\u2022 Financiamiento Proveedores de \u00daltima Milla &#8211; TelCo<\/p>\n\n\n\n<p>\u2022 L\u00edneas de Emergencia: \u00cdgnea, Hort\u00edcola y por Sequ\u00eda<\/p>\n\n\n\n<p>&nbsp;En este marco, los representantes de Corrientes destacaron que &#8220;generaci\u00f3n de empleo m\u00e1s incorporaci\u00f3n de valor agregado y fortalecimiento de la cadena de Valor, es igual a desarrollo&#8221;.<\/p>\n","protected":false},"excerpt":{"rendered":"<p>La provincia de Corrientes fue parte del&nbsp; XXVIII Foro Iberoamericano de Sistema de Garant\u00edas y Financiamiento Pymes, realizado en la ciudad de San Carlos de Bariloche En el marco del&hellip; <\/p>\n","protected":false},"author":4,"featured_media":229018,"comment_status":"closed","ping_status":"open","sticky":false,"template":"","format":"standard","meta":{"footnotes":""},"categories":[23],"tags":[],"class_list":["post-229017","post","type-post","status-publish","format-standard","has-post-thumbnail","hentry","category-actualidad"],"_links":{"self":[{"href":"https:\/\/corrientesdetarde.com\/index.php\/wp-json\/wp\/v2\/posts\/229017","targetHints":{"allow":["GET"]}}],"collection":[{"href":"https:\/\/corrientesdetarde.com\/index.php\/wp-json\/wp\/v2\/posts"}],"about":[{"href":"https:\/\/corrientesdetarde.com\/index.php\/wp-json\/wp\/v2\/types\/post"}],"author":[{"embeddable":true,"href":"https:\/\/corrientesdetarde.com\/index.php\/wp-json\/wp\/v2\/users\/4"}],"replies":[{"embeddable":true,"href":"https:\/\/corrientesdetarde.com\/index.php\/wp-json\/wp\/v2\/comments?post=229017"}],"version-history":[{"count":1,"href":"https:\/\/corrientesdetarde.com\/index.php\/wp-json\/wp\/v2\/posts\/229017\/revisions"}],"predecessor-version":[{"id":229019,"href":"https:\/\/corrientesdetarde.com\/index.php\/wp-json\/wp\/v2\/posts\/229017\/revisions\/229019"}],"wp:featuredmedia":[{"embeddable":true,"href":"https:\/\/corrientesdetarde.com\/index.php\/wp-json\/wp\/v2\/media\/229018"}],"wp:attachment":[{"href":"https:\/\/corrientesdetarde.com\/index.php\/wp-json\/wp\/v2\/media?parent=229017"}],"wp:term":[{"taxonomy":"category","embeddable":true,"href":"https:\/\/corrientesdetarde.com\/index.php\/wp-json\/wp\/v2\/categories?post=229017"},{"taxonomy":"post_tag","embeddable":true,"href":"https:\/\/corrientesdetarde.com\/index.php\/wp-json\/wp\/v2\/tags?post=229017"}],"curies":[{"name":"wp","href":"https:\/\/api.w.org\/{rel}","templated":true}]}}