{"id":229029,"date":"2025-09-28T23:08:04","date_gmt":"2025-09-29T02:08:04","guid":{"rendered":"https:\/\/corrientesdetarde.com\/?p=229029"},"modified":"2025-09-28T23:08:16","modified_gmt":"2025-09-29T02:08:16","slug":"los-de-imaguare-regreso-a-bella-vista-con-un-homenaje-a-la-memoria-chamamecera","status":"publish","type":"post","link":"https:\/\/corrientesdetarde.com\/index.php\/destacados\/los-de-imaguare-regreso-a-bella-vista-con-un-homenaje-a-la-memoria-chamamecera\/","title":{"rendered":"Los de Imaguar\u00e9 regres\u00f3 a Bella Vista con un homenaje a la memoria chamamecera"},"content":{"rendered":"\n<p>La rural se llen\u00f3 de m\u00fasica y estrellas en una noche que recuper\u00f3 canciones de m\u00fasicos que la ciudad perdi\u00f3 hace m\u00e1s de 35 a\u00f1os.<\/p>\n\n\n\n<p>Los de Imaguar\u00e9 regresaron a Bella Vista para ofrecer un concierto chamamecero. En julio, hab\u00edan participado del bicentenario de la ciudad ubicada en la franja oeste de la provincia de Corrientes.<\/p>\n\n\n\n<p>Interpretaron cl\u00e1sicos del chamam\u00e9, canciones propias del grupo y piezas elegidas para recordar la tragedia del 8 de septiembre de 1989.&nbsp;Tras un s\u00e1bado lluvioso, la noche se abri\u00f3 y se llen\u00f3 de estrellas en la rural.<\/p>\n\n\n\n<p>Nicol\u00e1s C\u00e1ceres, una de las voces del conjunto, declar\u00f3 a diarioepoca.com: &#8220;Estamos muy felices de haber compartido con toda la ciudad. Fue una noche que se llen\u00f3 de estrellas y de la calidez del pueblo chamamecero&#8221;. Tambi\u00e9n agreg\u00f3 que en octubre continuar\u00e1n su recorrido regional con presentaciones en Misiones: Puerto Iguaz\u00fa y Puerto Rico.<\/p>\n","protected":false},"excerpt":{"rendered":"<p>La rural se llen\u00f3 de m\u00fasica y estrellas en una noche que recuper\u00f3 canciones de m\u00fasicos que la ciudad perdi\u00f3 hace m\u00e1s de 35 a\u00f1os. Los de Imaguar\u00e9 regresaron a&hellip; <\/p>\n","protected":false},"author":4,"featured_media":229030,"comment_status":"closed","ping_status":"open","sticky":false,"template":"","format":"standard","meta":{"footnotes":""},"categories":[26],"tags":[],"class_list":["post-229029","post","type-post","status-publish","format-standard","has-post-thumbnail","hentry","category-destacados"],"_links":{"self":[{"href":"https:\/\/corrientesdetarde.com\/index.php\/wp-json\/wp\/v2\/posts\/229029","targetHints":{"allow":["GET"]}}],"collection":[{"href":"https:\/\/corrientesdetarde.com\/index.php\/wp-json\/wp\/v2\/posts"}],"about":[{"href":"https:\/\/corrientesdetarde.com\/index.php\/wp-json\/wp\/v2\/types\/post"}],"author":[{"embeddable":true,"href":"https:\/\/corrientesdetarde.com\/index.php\/wp-json\/wp\/v2\/users\/4"}],"replies":[{"embeddable":true,"href":"https:\/\/corrientesdetarde.com\/index.php\/wp-json\/wp\/v2\/comments?post=229029"}],"version-history":[{"count":1,"href":"https:\/\/corrientesdetarde.com\/index.php\/wp-json\/wp\/v2\/posts\/229029\/revisions"}],"predecessor-version":[{"id":229031,"href":"https:\/\/corrientesdetarde.com\/index.php\/wp-json\/wp\/v2\/posts\/229029\/revisions\/229031"}],"wp:featuredmedia":[{"embeddable":true,"href":"https:\/\/corrientesdetarde.com\/index.php\/wp-json\/wp\/v2\/media\/229030"}],"wp:attachment":[{"href":"https:\/\/corrientesdetarde.com\/index.php\/wp-json\/wp\/v2\/media?parent=229029"}],"wp:term":[{"taxonomy":"category","embeddable":true,"href":"https:\/\/corrientesdetarde.com\/index.php\/wp-json\/wp\/v2\/categories?post=229029"},{"taxonomy":"post_tag","embeddable":true,"href":"https:\/\/corrientesdetarde.com\/index.php\/wp-json\/wp\/v2\/tags?post=229029"}],"curies":[{"name":"wp","href":"https:\/\/api.w.org\/{rel}","templated":true}]}}