{"id":229032,"date":"2025-09-28T23:34:47","date_gmt":"2025-09-29T02:34:47","guid":{"rendered":"https:\/\/corrientesdetarde.com\/?p=229032"},"modified":"2025-09-28T23:34:56","modified_gmt":"2025-09-29T02:34:56","slug":"cinco-allanamientos-simultaneos-en-goya-tras-brutal-ataque-a-un-menor","status":"publish","type":"post","link":"https:\/\/corrientesdetarde.com\/index.php\/policiales\/cinco-allanamientos-simultaneos-en-goya-tras-brutal-ataque-a-un-menor\/","title":{"rendered":"Cinco allanamientos simult\u00e1neos en Goya tras brutal ataque a un menor"},"content":{"rendered":"\n<p>Operativos en cuatro barrios dejaron armas, drogas y objetos robados. Ocho personas fueron detenidas.<\/p>\n\n\n\n<p>Entre la noche del s\u00e1bado 27 y la madrugada del domingo 28, la Polic\u00eda de Corrientes realiz\u00f3 cinco allanamientos en los barrios Sarmiento, Esperanza, Arco\u00edris y San Ram\u00f3n de Goya. La medida se dispuso tras el ataque a un adolescente de 15 a\u00f1os, herido de gravedad en la cabeza con un fragmento de hierro.<\/p>\n\n\n\n<p>Los operativos tuvieron como objetivo desarticular a la banda conocida como &#8220;Arco\u00edris&#8221;, a la que se responsabiliz\u00f3 por el hecho. En los domicilios se secuestraron armas de fuego caseras, machetes, cuchillos, ganz\u00faas, plantas de marihuana, notebooks, motocicletas y otros elementos posiblemente robados.<\/p>\n\n\n\n<p>En el procedimiento quedaron detenidas ocho personas, que fueron trasladadas a dependencias policiales. La investigaci\u00f3n sigue abierta y no se descartan nuevas medidas en los pr\u00f3ximos d\u00edas.<\/p>\n","protected":false},"excerpt":{"rendered":"<p>Operativos en cuatro barrios dejaron armas, drogas y objetos robados. Ocho personas fueron detenidas. Entre la noche del s\u00e1bado 27 y la madrugada del domingo 28, la Polic\u00eda de Corrientes&hellip; <\/p>\n","protected":false},"author":4,"featured_media":229033,"comment_status":"closed","ping_status":"open","sticky":false,"template":"","format":"standard","meta":{"footnotes":""},"categories":[33],"tags":[],"class_list":["post-229032","post","type-post","status-publish","format-standard","has-post-thumbnail","hentry","category-policiales"],"_links":{"self":[{"href":"https:\/\/corrientesdetarde.com\/index.php\/wp-json\/wp\/v2\/posts\/229032","targetHints":{"allow":["GET"]}}],"collection":[{"href":"https:\/\/corrientesdetarde.com\/index.php\/wp-json\/wp\/v2\/posts"}],"about":[{"href":"https:\/\/corrientesdetarde.com\/index.php\/wp-json\/wp\/v2\/types\/post"}],"author":[{"embeddable":true,"href":"https:\/\/corrientesdetarde.com\/index.php\/wp-json\/wp\/v2\/users\/4"}],"replies":[{"embeddable":true,"href":"https:\/\/corrientesdetarde.com\/index.php\/wp-json\/wp\/v2\/comments?post=229032"}],"version-history":[{"count":1,"href":"https:\/\/corrientesdetarde.com\/index.php\/wp-json\/wp\/v2\/posts\/229032\/revisions"}],"predecessor-version":[{"id":229034,"href":"https:\/\/corrientesdetarde.com\/index.php\/wp-json\/wp\/v2\/posts\/229032\/revisions\/229034"}],"wp:featuredmedia":[{"embeddable":true,"href":"https:\/\/corrientesdetarde.com\/index.php\/wp-json\/wp\/v2\/media\/229033"}],"wp:attachment":[{"href":"https:\/\/corrientesdetarde.com\/index.php\/wp-json\/wp\/v2\/media?parent=229032"}],"wp:term":[{"taxonomy":"category","embeddable":true,"href":"https:\/\/corrientesdetarde.com\/index.php\/wp-json\/wp\/v2\/categories?post=229032"},{"taxonomy":"post_tag","embeddable":true,"href":"https:\/\/corrientesdetarde.com\/index.php\/wp-json\/wp\/v2\/tags?post=229032"}],"curies":[{"name":"wp","href":"https:\/\/api.w.org\/{rel}","templated":true}]}}