{"id":229035,"date":"2025-09-28T23:36:37","date_gmt":"2025-09-29T02:36:37","guid":{"rendered":"https:\/\/corrientesdetarde.com\/?p=229035"},"modified":"2025-09-28T23:36:46","modified_gmt":"2025-09-29T02:36:46","slug":"peregrinos-de-distintos-puntos-del-pais-colmaron-itati","status":"publish","type":"post","link":"https:\/\/corrientesdetarde.com\/index.php\/destacados\/peregrinos-de-distintos-puntos-del-pais-colmaron-itati\/","title":{"rendered":"Peregrinos de distintos puntos del pa\u00eds colmaron Itat\u00ed"},"content":{"rendered":"\n<p>J\u00f3venes de toda la regi\u00f3n recorrieron kil\u00f3metros bajo la lluvia, manteniendo la tradici\u00f3n que une al NEA cada a\u00f1o.<\/p>\n\n\n\n<figure class=\"wp-block-image size-full\"><img loading=\"lazy\" decoding=\"async\" width=\"628\" height=\"616\" src=\"https:\/\/corrientesdetarde.com\/wp-content\/uploads\/2025\/09\/image-930.png\" alt=\"\" class=\"wp-image-229036\" srcset=\"https:\/\/corrientesdetarde.com\/wp-content\/uploads\/2025\/09\/image-930.png 628w, https:\/\/corrientesdetarde.com\/wp-content\/uploads\/2025\/09\/image-930-300x294.png 300w\" sizes=\"auto, (max-width: 628px) 100vw, 628px\" \/><\/figure>\n\n\n\n<p>A pesar de la lluvia, la 46\u00b0 Peregrinaci\u00f3n Juvenil del NEA hacia Itat\u00ed se realiz\u00f3 entre este s\u00e1bado 27 y domingo 28. Partieron desde Goya, La Verde, Quitilipi, Margarita, Avellaneda, La Liguria, Florencia, Machagai, San Luis del Palmar, Corpus Christi, Colonia Ben\u00edtez, Puerto Vilelas, Presidencia de La Plaza, Vera y otros puntos hasta encontrarse frente a la Bas\u00edlica<\/p>\n\n\n\n<p>Los pasos se entrelazaban con cantos, aplausos y rezos. Algunos avanzaban bajo ponchos, otros con calzados embarrados, pero todos con la misma determinaci\u00f3n de cumplir con la tradici\u00f3n. &#8220;Venimos desde Goya y aunque la lluvia moj\u00f3 todo, no pensamos en suspender la caminata&#8221;, cont\u00f3 uno de los peregrinos.<\/p>\n\n\n\n<p>Cada grupo tra\u00eda su propio ritmo y manera de honrar a la Virgen. La solidaridad se hizo evidente, dado que los m\u00e1s experimentados y servidores ayudaban a quienes llegaban cansados y organizaban los grupos para mantener la marcha segura<\/p>\n\n\n\n<p>Hoy, domingo 28, el sol apareci\u00f3 sobre Itat\u00ed y permiti\u00f3 que los j\u00f3venes descansaran con un clima m\u00e1s amable.<\/p>\n","protected":false},"excerpt":{"rendered":"<p>J\u00f3venes de toda la regi\u00f3n recorrieron kil\u00f3metros bajo la lluvia, manteniendo la tradici\u00f3n que une al NEA cada a\u00f1o. A pesar de la lluvia, la 46\u00b0 Peregrinaci\u00f3n Juvenil del NEA&hellip; <\/p>\n","protected":false},"author":4,"featured_media":229037,"comment_status":"closed","ping_status":"open","sticky":false,"template":"","format":"standard","meta":{"footnotes":""},"categories":[26],"tags":[],"class_list":["post-229035","post","type-post","status-publish","format-standard","has-post-thumbnail","hentry","category-destacados"],"_links":{"self":[{"href":"https:\/\/corrientesdetarde.com\/index.php\/wp-json\/wp\/v2\/posts\/229035","targetHints":{"allow":["GET"]}}],"collection":[{"href":"https:\/\/corrientesdetarde.com\/index.php\/wp-json\/wp\/v2\/posts"}],"about":[{"href":"https:\/\/corrientesdetarde.com\/index.php\/wp-json\/wp\/v2\/types\/post"}],"author":[{"embeddable":true,"href":"https:\/\/corrientesdetarde.com\/index.php\/wp-json\/wp\/v2\/users\/4"}],"replies":[{"embeddable":true,"href":"https:\/\/corrientesdetarde.com\/index.php\/wp-json\/wp\/v2\/comments?post=229035"}],"version-history":[{"count":1,"href":"https:\/\/corrientesdetarde.com\/index.php\/wp-json\/wp\/v2\/posts\/229035\/revisions"}],"predecessor-version":[{"id":229038,"href":"https:\/\/corrientesdetarde.com\/index.php\/wp-json\/wp\/v2\/posts\/229035\/revisions\/229038"}],"wp:featuredmedia":[{"embeddable":true,"href":"https:\/\/corrientesdetarde.com\/index.php\/wp-json\/wp\/v2\/media\/229037"}],"wp:attachment":[{"href":"https:\/\/corrientesdetarde.com\/index.php\/wp-json\/wp\/v2\/media?parent=229035"}],"wp:term":[{"taxonomy":"category","embeddable":true,"href":"https:\/\/corrientesdetarde.com\/index.php\/wp-json\/wp\/v2\/categories?post=229035"},{"taxonomy":"post_tag","embeddable":true,"href":"https:\/\/corrientesdetarde.com\/index.php\/wp-json\/wp\/v2\/tags?post=229035"}],"curies":[{"name":"wp","href":"https:\/\/api.w.org\/{rel}","templated":true}]}}