{"id":229039,"date":"2025-09-28T23:44:37","date_gmt":"2025-09-29T02:44:37","guid":{"rendered":"https:\/\/corrientesdetarde.com\/?p=229039"},"modified":"2025-09-29T08:42:54","modified_gmt":"2025-09-29T11:42:54","slug":"corrientes-habilita-sus-playas-con-mas-accesibilidad-servicios-y-propuestas-de-verano","status":"publish","type":"post","link":"https:\/\/corrientesdetarde.com\/index.php\/eventos\/corrientes-habilita-sus-playas-con-mas-accesibilidad-servicios-y-propuestas-de-verano\/","title":{"rendered":"Corrientes habilita sus playas con m\u00e1s accesibilidad, servicios y propuestas de verano"},"content":{"rendered":"\n<p>Desde el 1 de octubre estar\u00e1n abiertos los cinco balnearios municipales con guardavidas, ba\u00f1os hasta la madrugada, espacios pet friendly y un ascensor para personas con movilidad reducida.<\/p>\n\n\n\n<p>La&nbsp;<strong>Municipalidad de Corrientes<\/strong>&nbsp;confirm\u00f3 que desde el&nbsp;<strong>1 de octubre<\/strong>&nbsp;quedar\u00e1n habilitadas las cinco&nbsp;<strong>playas p\u00fablicas<\/strong>&nbsp;de la ciudad como parte del programa \u201c<strong>El verano m\u00e1s largo del pa\u00eds<\/strong>\u201d. Los balnearios Arazaty I y II, Molina Punta e&nbsp;<strong>Islas Malvinas I y II<\/strong>&nbsp;funcionar\u00e1n hasta abril con todos los servicios en marcha.<\/p>\n\n\n\n<p>Los&nbsp;<strong>balnearios<\/strong>&nbsp;estar\u00e1n abiertos de 8 a 20 con cobertura de&nbsp;<strong>guardavidas<\/strong>, presencia de la Guardia Urbana y apoyo de la&nbsp;<strong>Polic\u00eda de Corrientes<\/strong>. Adem\u00e1s, se suman mejoras en accesibilidad: en Malvinas I se incorpor\u00f3 un&nbsp;<strong>ascensor<\/strong>&nbsp;para personas en&nbsp;<strong>sillas de ruedas<\/strong>&nbsp;o con dificultades motrices, junto con decks que facilitan el acceso hasta la orilla.<\/p>\n\n\n\n<figure class=\"wp-block-image\"><img decoding=\"async\" src=\"https:\/\/pxcdn.ellitoral.com.ar\/litoral\/092025\/1759085291956.jpg?cw=807\" alt=\"Corrientes habilita sus playas con m\u00e1s accesibilidad, servicios y propuestas de verano\" title=\"Corrientes habilita sus playas con m\u00e1s accesibilidad, servicios y propuestas de verano-\"\/><\/figure>\n\n\n\n<p>Como novedad, los sanitarios de&nbsp;<strong>Arazaty<\/strong>&nbsp;y&nbsp;<strong>Malvinas I<\/strong>&nbsp;permanecer\u00e1n abiertos hasta las 2.30 de la madrugada, en sinton\u00eda con el movimiento nocturno de bares y restaurantes de la Costanera.<\/p>\n\n\n\n<p>La ciudad volver\u00e1 a contar con la&nbsp;<strong>playa pet friendly<\/strong>&nbsp;en Malvinas II, que permite el ingreso de mascotas con sus due\u00f1os bajo normas de convivencia y limpieza.<\/p>\n\n\n\n<figure class=\"wp-block-image\"><img decoding=\"async\" src=\"https:\/\/pxcdn.ellitoral.com.ar\/litoral\/092025\/1759085295164.jpg?cw=807\" alt=\"Corrientes habilita sus playas con m\u00e1s accesibilidad, servicios y propuestas de verano\" title=\"Corrientes habilita sus playas con m\u00e1s accesibilidad, servicios y propuestas de verano-\"\/><\/figure>\n\n\n\n<p>El secretario de Turismo y Deportes, Juan Enrique Braillard Poccard, destac\u00f3 que este verano se reforzar\u00e1n los servicios para acompa\u00f1ar la llegada de turistas en eventos como la\u00a0<strong>Fiesta Nacional del Chamam\u00e9<\/strong>\u00a0y los\u00a0<strong>Carnavales de Corrientes<\/strong>. \u201cQueremos que quienes nos visiten encuentren playas seguras, limpias y accesibles\u201d, afirm\u00f3.<\/p>\n\n\n\n<figure class=\"wp-block-image\"><img decoding=\"async\" src=\"https:\/\/pxcdn.ellitoral.com.ar\/litoral\/092025\/1759085293160.jpg?cw=807\" alt=\"Corrientes habilita sus playas con m\u00e1s accesibilidad, servicios y propuestas de verano\" title=\"Corrientes habilita sus playas con m\u00e1s accesibilidad, servicios y propuestas de verano-\"\/><\/figure>\n\n\n\n<p>Por su parte, el director General de Playas, Adri\u00e1n Meza, subray\u00f3 el impacto positivo del programa&nbsp;<strong>Playas Todo el A\u00f1o<\/strong>, que en temporada baja convoc\u00f3 a m\u00e1s de 35.000 personas. Tambi\u00e9n record\u00f3 que rige la ordenanza que proh\u00edbe el ingreso de bebidas alcoh\u00f3licas, envases de vidrio o elementos punzocortantes a los balnearios.<\/p>\n\n\n\n<p>Con la extensi\u00f3n de la temporada hasta abril y la incorporaci\u00f3n de nuevos servicios,&nbsp;<strong>Corrientes<\/strong>&nbsp;busca consolidarse como un&nbsp;<strong>destino tur\u00edstico<\/strong>&nbsp;de referencia en el verano del litoral argentino.<\/p>\n\n\n\n<figure class=\"wp-block-image\"><img decoding=\"async\" src=\"https:\/\/pxcdn.ellitoral.com.ar\/litoral\/092025\/1759085288291.jpg?cw=807\" alt=\"Corrientes habilita sus playas con m\u00e1s accesibilidad, servicios y propuestas de verano\" title=\"Corrientes habilita sus playas con m\u00e1s accesibilidad, servicios y propuestas de verano-\"\/><\/figure>\n","protected":false},"excerpt":{"rendered":"<p>Desde el 1 de octubre estar\u00e1n abiertos los cinco balnearios municipales con guardavidas, ba\u00f1os hasta la madrugada, espacios pet friendly y un ascensor para personas con movilidad reducida. La&nbsp;Municipalidad de&hellip; <\/p>\n","protected":false},"author":4,"featured_media":228968,"comment_status":"closed","ping_status":"open","sticky":false,"template":"","format":"standard","meta":{"footnotes":""},"categories":[22],"tags":[],"class_list":["post-229039","post","type-post","status-publish","format-standard","has-post-thumbnail","hentry","category-eventos"],"_links":{"self":[{"href":"https:\/\/corrientesdetarde.com\/index.php\/wp-json\/wp\/v2\/posts\/229039","targetHints":{"allow":["GET"]}}],"collection":[{"href":"https:\/\/corrientesdetarde.com\/index.php\/wp-json\/wp\/v2\/posts"}],"about":[{"href":"https:\/\/corrientesdetarde.com\/index.php\/wp-json\/wp\/v2\/types\/post"}],"author":[{"embeddable":true,"href":"https:\/\/corrientesdetarde.com\/index.php\/wp-json\/wp\/v2\/users\/4"}],"replies":[{"embeddable":true,"href":"https:\/\/corrientesdetarde.com\/index.php\/wp-json\/wp\/v2\/comments?post=229039"}],"version-history":[{"count":2,"href":"https:\/\/corrientesdetarde.com\/index.php\/wp-json\/wp\/v2\/posts\/229039\/revisions"}],"predecessor-version":[{"id":229055,"href":"https:\/\/corrientesdetarde.com\/index.php\/wp-json\/wp\/v2\/posts\/229039\/revisions\/229055"}],"wp:featuredmedia":[{"embeddable":true,"href":"https:\/\/corrientesdetarde.com\/index.php\/wp-json\/wp\/v2\/media\/228968"}],"wp:attachment":[{"href":"https:\/\/corrientesdetarde.com\/index.php\/wp-json\/wp\/v2\/media?parent=229039"}],"wp:term":[{"taxonomy":"category","embeddable":true,"href":"https:\/\/corrientesdetarde.com\/index.php\/wp-json\/wp\/v2\/categories?post=229039"},{"taxonomy":"post_tag","embeddable":true,"href":"https:\/\/corrientesdetarde.com\/index.php\/wp-json\/wp\/v2\/tags?post=229039"}],"curies":[{"name":"wp","href":"https:\/\/api.w.org\/{rel}","templated":true}]}}