{"id":229048,"date":"2025-09-29T02:16:01","date_gmt":"2025-09-29T05:16:01","guid":{"rendered":"https:\/\/corrientesdetarde.com\/?p=229048"},"modified":"2025-09-29T02:16:25","modified_gmt":"2025-09-29T05:16:25","slug":"en-plena-campana-electoral-javier-milei-recorrera-mas-de-diez-provincias-e-iniciara-por-tierra-del-fuego","status":"publish","type":"post","link":"https:\/\/corrientesdetarde.com\/index.php\/politica\/en-plena-campana-electoral-javier-milei-recorrera-mas-de-diez-provincias-e-iniciara-por-tierra-del-fuego\/","title":{"rendered":"En plena campa\u00f1a electoral, Javier Milei recorrer\u00e1 m\u00e1s de diez provincias e iniciar\u00e1 por Tierra del Fuego"},"content":{"rendered":"\n<h2 class=\"wp-block-heading\">Tras el acto formal de inicio del per\u00edodo proselitista en C\u00f3rdoba, el Presidente toma protagonismo en la disputa por las elecciones del 26 de octubre.<\/h2>\n\n\n\n<p>El presidente&nbsp;<strong>Javier Milei<\/strong>&nbsp;visitar\u00e1 este lunes la ciudad de Ushuaia, ubicada en la provincia de Tierra del Fuego, en un nuevo acto de campa\u00f1a que protagonizar\u00e1 con intenci\u00f3n de respaldar a sus candidatos locales y en La Libertad Avanza trabajan para concretar el desembarco del mandatario en otras&nbsp;<strong>diez provincias<\/strong>&nbsp;<strong>m\u00e1s.&nbsp;<\/strong><\/p>\n\n\n\n<p>A poco menos de un mes las elecciones legislativas nacionales del 26 de octubre, el jefe de Estado como actor protag\u00f3nico, anticip\u00f3 la visita a la ciudad fueguina en una nueva actividad de campa\u00f1a.&nbsp;<strong>\u201cNos vemos en Tierra del Fuego\u201d,<\/strong>&nbsp;anunci\u00f3 a trav\u00e9s de su cuenta de X.<\/p>\n\n\n\n<p><strong>\u201cA no aflojar. A no tirar el esfuerzo a la basura. La Libertad Avanza o la Argentina retrocede. \u00a1Viva la libertad carajo!\u201d<\/strong>, concluy\u00f3. &nbsp;<\/p>\n\n\n\n<p>Durante el acto en la Patagonia, se mostrar\u00e1 junto a sus candidatos Agust\u00edn Coto, que competir\u00e1 por una banca en la C\u00e1mara de Senadores, y Miguel Rodr\u00edguez, quien disputar\u00e1 su lugar en Diputados.&nbsp;<\/p>\n\n\n\n<p>Al respecto, Agust\u00edn Coto anticip\u00f3 que entre las actividades previstas se espera una caminata por las calles de la ciudad y algunas visitas a zonas estrat\u00e9gicas. &#8220;A las 18 vamos a hacer esa presentaci\u00f3n o esa caminata por la calle con la gente, la agenda va a incluir al algunas visitas m\u00e1s durante el d\u00eda antes de ese horario. Estamos ahora coordinando eso, terminando de de cerrarlas&#8221;, expres\u00f3 en declaraciones radiales.&nbsp;<\/p>\n\n\n\n<p>Seg\u00fan supo la&nbsp;<em>agencia Noticias Argentinas<\/em>, en el tramo final camino a las urnas,&nbsp;<strong>el mandatario visitar\u00e1 entre diez y trece provincias,<\/strong>&nbsp;con una periodicidad semanal intensa de un viaje cada tres d\u00edas, aunque depender\u00e1 de las actividades de gesti\u00f3n que deba protagonizar.&nbsp;<\/p>\n\n\n\n<p>La primera fue&nbsp;<strong>C\u00f3rdoba,<\/strong>&nbsp;donde la semana pasada, encabez\u00f3 en compa\u00f1\u00eda de varios de sus funcionarios la formalizaci\u00f3n del inicio de la campa\u00f1a electoral y est\u00e1 previsto que el cierre sea en el mismo lugar.&nbsp;<\/p>\n\n\n\n<p>Su pr\u00f3xima parada ser\u00e1&nbsp;<strong>Tierra del Fuego&nbsp;<\/strong>y en carpera figuran&nbsp;<strong>Corrientes, Santa Fe, Mendoza, Entre R\u00edos y R\u00edo Negro.&nbsp;<\/strong><\/p>\n\n\n\n<p>Asimismo, el libertario se mostrar\u00e1 estrat\u00e9gicamente en ciudades de peso de la provincia de Buenos Aires como en<strong>&nbsp;Mar del Plata,&nbsp;<\/strong>con la idea de dar reafirmar en primera persona&nbsp;<strong>el rumbo econ\u00f3mico y pol\u00edtico de la administraci\u00f3n.&nbsp;<\/strong><\/p>\n\n\n\n<p>El equipo a cargo del trazado de la ingenier\u00eda espera poder disputar el voto por la composici\u00f3n del Congreso Nacional en la contienda que libra La Libertad Avanza contra Fuerza Patria en el tramo final de la elecci\u00f3n.&nbsp;<\/p>\n\n\n\n<p>El objetivo del desembarco en el interior es<strong>&nbsp;recuperar \u201cla \u00e9pica\u201d y reconstruir el perfil que lo llev\u00f3 a la presidencia en 2023 luego de la abultada derrota que ubic\u00f3 al peronismo, con m\u00e1s de 13 puntos de ventaja, como la fuerza ganadora de la elecci\u00f3n bonaerense.&nbsp;<\/strong><\/p>\n","protected":false},"excerpt":{"rendered":"<p>Tras el acto formal de inicio del per\u00edodo proselitista en C\u00f3rdoba, el Presidente toma protagonismo en la disputa por las elecciones del 26 de octubre. El presidente&nbsp;Javier Milei&nbsp;visitar\u00e1 este lunes&hellip; <\/p>\n","protected":false},"author":4,"featured_media":229049,"comment_status":"closed","ping_status":"open","sticky":false,"template":"","format":"standard","meta":{"footnotes":""},"categories":[3],"tags":[],"class_list":["post-229048","post","type-post","status-publish","format-standard","has-post-thumbnail","hentry","category-politica"],"_links":{"self":[{"href":"https:\/\/corrientesdetarde.com\/index.php\/wp-json\/wp\/v2\/posts\/229048","targetHints":{"allow":["GET"]}}],"collection":[{"href":"https:\/\/corrientesdetarde.com\/index.php\/wp-json\/wp\/v2\/posts"}],"about":[{"href":"https:\/\/corrientesdetarde.com\/index.php\/wp-json\/wp\/v2\/types\/post"}],"author":[{"embeddable":true,"href":"https:\/\/corrientesdetarde.com\/index.php\/wp-json\/wp\/v2\/users\/4"}],"replies":[{"embeddable":true,"href":"https:\/\/corrientesdetarde.com\/index.php\/wp-json\/wp\/v2\/comments?post=229048"}],"version-history":[{"count":1,"href":"https:\/\/corrientesdetarde.com\/index.php\/wp-json\/wp\/v2\/posts\/229048\/revisions"}],"predecessor-version":[{"id":229050,"href":"https:\/\/corrientesdetarde.com\/index.php\/wp-json\/wp\/v2\/posts\/229048\/revisions\/229050"}],"wp:featuredmedia":[{"embeddable":true,"href":"https:\/\/corrientesdetarde.com\/index.php\/wp-json\/wp\/v2\/media\/229049"}],"wp:attachment":[{"href":"https:\/\/corrientesdetarde.com\/index.php\/wp-json\/wp\/v2\/media?parent=229048"}],"wp:term":[{"taxonomy":"category","embeddable":true,"href":"https:\/\/corrientesdetarde.com\/index.php\/wp-json\/wp\/v2\/categories?post=229048"},{"taxonomy":"post_tag","embeddable":true,"href":"https:\/\/corrientesdetarde.com\/index.php\/wp-json\/wp\/v2\/tags?post=229048"}],"curies":[{"name":"wp","href":"https:\/\/api.w.org\/{rel}","templated":true}]}}