{"id":229056,"date":"2025-09-29T08:45:47","date_gmt":"2025-09-29T11:45:47","guid":{"rendered":"https:\/\/corrientesdetarde.com\/?p=229056"},"modified":"2025-09-29T08:45:54","modified_gmt":"2025-09-29T11:45:54","slug":"salud-renueva-la-tarjeta-mbarete","status":"publish","type":"post","link":"https:\/\/corrientesdetarde.com\/index.php\/actualidad\/salud-renueva-la-tarjeta-mbarete\/","title":{"rendered":"Salud renueva la tarjeta Mbaret\u00e9"},"content":{"rendered":"\n<p><strong><em>Los beneficiarios podr\u00e1n retirar los nuevos pl\u00e1sticos a partir del lunes 29 en el Hospital de Campa\u00f1a \u201cEscuela Hogar\u201d. El d\u00eda que deben estar, est\u00e1 distribuido seg\u00fan la terminaci\u00f3n del DNI.<\/em><\/strong><\/p>\n\n\n\n<p>El Ministerio de Salud P\u00fablica a cargo de Ricardo Cardozo, informa que se actualizaron los pl\u00e1sticos del programa Mbaret\u00e9. Por ello, es necesario que los beneficiarios se acerquen el d\u00eda, lugar y horario que se indicar\u00e1.<\/p>\n\n\n\n<p>La distribuci\u00f3n de los nuevos pl\u00e1sticos, en Capital, ser\u00e1 de 8 a 13 en el Hospital de Campa\u00f1a \u201cEscuela Hogar\u201d.<\/p>\n\n\n\n<p>El lunes 29 de septiembre los DNI con terminaci\u00f3n en 0 y 1; el martes 30 los que finalicen en 2 y 3; el mi\u00e9rcoles 1 de octubre con n\u00fameros en 4 y 5, y el jueves 2 los de 6 y 7.<\/p>\n\n\n\n<p>Se contin\u00faa el lunes 6 de octubre, con los documentos que terminen en 8 y 9. En el interior, se enviar\u00e1n a los municipios para su posterior distribuci\u00f3n.<\/p>\n\n\n\n<p>A su vez, remarcaron que deben asistir con el DNI y la tarjeta vieja. Y, s\u00f3lo se entregar\u00e1 a los titulares del beneficio.<\/p>\n\n\n\n<p>La tarjeta Mbaret\u00e9 permite la compra de medicamentos sin cargo en la red de farmacias adheridas. Este beneficio alcanza a las personas empadronadas que no cuentan con cobertura social y que est\u00e1n domiciliadas en jurisdicci\u00f3n de la provincia de Corrientes.<\/p>\n\n\n\n<figure class=\"wp-block-image size-full\"><img decoding=\"async\" src=\"https:\/\/corrientesdetarde.com\/wp-content\/uploads\/2025\/09\/image-935.png\" alt=\"\" class=\"wp-image-229067\"\/><\/figure>\n","protected":false},"excerpt":{"rendered":"<p>Los beneficiarios podr\u00e1n retirar los nuevos pl\u00e1sticos a partir del lunes 29 en el Hospital de Campa\u00f1a \u201cEscuela Hogar\u201d. El d\u00eda que deben estar, est\u00e1 distribuido seg\u00fan la terminaci\u00f3n del&hellip; <\/p>\n","protected":false},"author":1,"featured_media":229067,"comment_status":"closed","ping_status":"open","sticky":false,"template":"","format":"standard","meta":{"footnotes":""},"categories":[23],"tags":[],"class_list":["post-229056","post","type-post","status-publish","format-standard","has-post-thumbnail","hentry","category-actualidad"],"_links":{"self":[{"href":"https:\/\/corrientesdetarde.com\/index.php\/wp-json\/wp\/v2\/posts\/229056","targetHints":{"allow":["GET"]}}],"collection":[{"href":"https:\/\/corrientesdetarde.com\/index.php\/wp-json\/wp\/v2\/posts"}],"about":[{"href":"https:\/\/corrientesdetarde.com\/index.php\/wp-json\/wp\/v2\/types\/post"}],"author":[{"embeddable":true,"href":"https:\/\/corrientesdetarde.com\/index.php\/wp-json\/wp\/v2\/users\/1"}],"replies":[{"embeddable":true,"href":"https:\/\/corrientesdetarde.com\/index.php\/wp-json\/wp\/v2\/comments?post=229056"}],"version-history":[{"count":1,"href":"https:\/\/corrientesdetarde.com\/index.php\/wp-json\/wp\/v2\/posts\/229056\/revisions"}],"predecessor-version":[{"id":229068,"href":"https:\/\/corrientesdetarde.com\/index.php\/wp-json\/wp\/v2\/posts\/229056\/revisions\/229068"}],"wp:featuredmedia":[{"embeddable":true,"href":"https:\/\/corrientesdetarde.com\/index.php\/wp-json\/wp\/v2\/media\/229067"}],"wp:attachment":[{"href":"https:\/\/corrientesdetarde.com\/index.php\/wp-json\/wp\/v2\/media?parent=229056"}],"wp:term":[{"taxonomy":"category","embeddable":true,"href":"https:\/\/corrientesdetarde.com\/index.php\/wp-json\/wp\/v2\/categories?post=229056"},{"taxonomy":"post_tag","embeddable":true,"href":"https:\/\/corrientesdetarde.com\/index.php\/wp-json\/wp\/v2\/tags?post=229056"}],"curies":[{"name":"wp","href":"https:\/\/api.w.org\/{rel}","templated":true}]}}