{"id":229057,"date":"2025-09-29T08:40:47","date_gmt":"2025-09-29T11:40:47","guid":{"rendered":"https:\/\/corrientesdetarde.com\/?p=229057"},"modified":"2025-09-29T08:40:54","modified_gmt":"2025-09-29T11:40:54","slug":"corrientes-rumbo-a-los-juegos-nacionales-2025","status":"publish","type":"post","link":"https:\/\/corrientesdetarde.com\/index.php\/eventos\/corrientes-rumbo-a-los-juegos-nacionales-2025\/","title":{"rendered":"Corrientes, rumbo a los Juegos Nacionales 2025"},"content":{"rendered":"\n<p>La delegaci\u00f3n que representar\u00e1 a la Provincia emprendi\u00f3 su viaje hacia la ciudad de Mar del Plata para participar desde este lunes y hasta el pr\u00f3ximo s\u00e1bado, en una nueva edici\u00f3n de los Juegos Deportivos Nacionales Evita Juveniles.<\/p>\n\n\n\n<p>La delegaci\u00f3n correntina de 375 personas, de las cuales 330 son deportistas, competir\u00e1 en 33 de las 36 disciplinas programadas.<\/p>\n\n\n\n<figure class=\"wp-block-image size-large\"><img loading=\"lazy\" decoding=\"async\" width=\"1024\" height=\"701\" src=\"https:\/\/corrientesdetarde.com\/wp-content\/uploads\/2025\/09\/image-933-1024x701.png\" alt=\"\" class=\"wp-image-229063\" srcset=\"https:\/\/corrientesdetarde.com\/wp-content\/uploads\/2025\/09\/image-933-1024x701.png 1024w, https:\/\/corrientesdetarde.com\/wp-content\/uploads\/2025\/09\/image-933-300x205.png 300w, https:\/\/corrientesdetarde.com\/wp-content\/uploads\/2025\/09\/image-933-768x526.png 768w, https:\/\/corrientesdetarde.com\/wp-content\/uploads\/2025\/09\/image-933.png 1209w\" sizes=\"auto, (max-width: 1024px) 100vw, 1024px\" \/><\/figure>\n\n\n\n<p>La salida en Capital fue coordinada por personal de la Secretar\u00eda de Deportes de la Provincia y tuvo como epicentro la Costanera Sur y calle Lavalle. Desde all\u00ed, tres de los seis \u00f3mnibus que traslada al contingente iniciaron su viaje.<\/p>\n\n\n\n<p>Con un importante respaldo financiero del Gobierno de la Provincia, los deportistas vistieron uniformes oficiales proporcionados por la Secretar\u00eda de Deportes, reflejando el orgullo y la identidad de Corrientes en esta competencia nacional.<\/p>\n\n\n\n<p>\u201cGracias a la Pol\u00edtica de Estado en materia de deportes que ejecuta el Gobernador Gustavo Vald\u00e9s, nuevamente Corrientes estar\u00e1 presente en los Nacionales Evita\u201d, enfatiz\u00f3 el Secretario de Deportes Jorge Terrile.\u00a0\u00a0<\/p>\n\n\n\n<p>Una vez que arribe la delegaci\u00f3n a Mar del Plata, se va a alojar en las instalaciones del hotel Guerrero. Posteriormente los profesores y t\u00e9cnicos de equipos proceder\u00e1n al sistema de acreditaci\u00f3n, para cerrar la jornada del lunes con el acto inaugural.<\/p>\n\n\n\n<p>Los Juegos Deportivos Nacionales Evita Juveniles son la principal competencia deportiva de Argentina. Organizados por la Secretar\u00eda de Turismo, Ambiente y Deportes de la Naci\u00f3n cuentan con un programa deportivo que re\u00fane 36 disciplinas, 29 convencionales y 7 adaptadas.<\/p>\n\n\n\n<figure class=\"wp-block-image size-full\"><img loading=\"lazy\" decoding=\"async\" width=\"971\" height=\"773\" src=\"https:\/\/corrientesdetarde.com\/wp-content\/uploads\/2025\/09\/image-934.png\" alt=\"\" class=\"wp-image-229064\" srcset=\"https:\/\/corrientesdetarde.com\/wp-content\/uploads\/2025\/09\/image-934.png 971w, https:\/\/corrientesdetarde.com\/wp-content\/uploads\/2025\/09\/image-934-300x239.png 300w, https:\/\/corrientesdetarde.com\/wp-content\/uploads\/2025\/09\/image-934-768x611.png 768w\" sizes=\"auto, (max-width: 971px) 100vw, 971px\" \/><\/figure>\n","protected":false},"excerpt":{"rendered":"<p>La delegaci\u00f3n que representar\u00e1 a la Provincia emprendi\u00f3 su viaje hacia la ciudad de Mar del Plata para participar desde este lunes y hasta el pr\u00f3ximo s\u00e1bado, en una nueva&hellip; <\/p>\n","protected":false},"author":1,"featured_media":229062,"comment_status":"closed","ping_status":"open","sticky":false,"template":"","format":"standard","meta":{"footnotes":""},"categories":[22],"tags":[],"class_list":["post-229057","post","type-post","status-publish","format-standard","has-post-thumbnail","hentry","category-eventos"],"_links":{"self":[{"href":"https:\/\/corrientesdetarde.com\/index.php\/wp-json\/wp\/v2\/posts\/229057","targetHints":{"allow":["GET"]}}],"collection":[{"href":"https:\/\/corrientesdetarde.com\/index.php\/wp-json\/wp\/v2\/posts"}],"about":[{"href":"https:\/\/corrientesdetarde.com\/index.php\/wp-json\/wp\/v2\/types\/post"}],"author":[{"embeddable":true,"href":"https:\/\/corrientesdetarde.com\/index.php\/wp-json\/wp\/v2\/users\/1"}],"replies":[{"embeddable":true,"href":"https:\/\/corrientesdetarde.com\/index.php\/wp-json\/wp\/v2\/comments?post=229057"}],"version-history":[{"count":1,"href":"https:\/\/corrientesdetarde.com\/index.php\/wp-json\/wp\/v2\/posts\/229057\/revisions"}],"predecessor-version":[{"id":229065,"href":"https:\/\/corrientesdetarde.com\/index.php\/wp-json\/wp\/v2\/posts\/229057\/revisions\/229065"}],"wp:featuredmedia":[{"embeddable":true,"href":"https:\/\/corrientesdetarde.com\/index.php\/wp-json\/wp\/v2\/media\/229062"}],"wp:attachment":[{"href":"https:\/\/corrientesdetarde.com\/index.php\/wp-json\/wp\/v2\/media?parent=229057"}],"wp:term":[{"taxonomy":"category","embeddable":true,"href":"https:\/\/corrientesdetarde.com\/index.php\/wp-json\/wp\/v2\/categories?post=229057"},{"taxonomy":"post_tag","embeddable":true,"href":"https:\/\/corrientesdetarde.com\/index.php\/wp-json\/wp\/v2\/tags?post=229057"}],"curies":[{"name":"wp","href":"https:\/\/api.w.org\/{rel}","templated":true}]}}