{"id":229058,"date":"2025-09-29T08:38:31","date_gmt":"2025-09-29T11:38:31","guid":{"rendered":"https:\/\/corrientesdetarde.com\/?p=229058"},"modified":"2025-09-29T08:38:38","modified_gmt":"2025-09-29T11:38:38","slug":"del-autor-marcelo-arecco-se-presenta-el-libro-el-despertar-del-nuevo-poder-en-la-legislatura","status":"publish","type":"post","link":"https:\/\/corrientesdetarde.com\/index.php\/eventos\/del-autor-marcelo-arecco-se-presenta-el-libro-el-despertar-del-nuevo-poder-en-la-legislatura\/","title":{"rendered":"DEL AUTOR MARCELO ARECCO, Se presenta el libro &#8220;El despertar del nuevo poder&#8221; en la Legislatura"},"content":{"rendered":"\n<p>El pr\u00f3ximo lunes 29 de septiembre a las 20 horas se presentar\u00e1 el libro &#8220;El despertar del nuevo poder. Liderazgo pol\u00edtico como herramienta de transformaci\u00f3n social&#8221; de Marcelo Javier Arecco. La presentaci\u00f3n estar\u00e1 a cargo del Vicegobernador Pedro Braillard Poccard y se har\u00e1 en el recinto del palacio legislativo. El evento es coordinado por la Direcci\u00f3n de Asuntos Culturales del Senado.<\/p>\n\n\n\n<p>La obra propone una reflexi\u00f3n sobre un liderazgo transformador, que trasciende la imposici\u00f3n y la eficiencia t\u00e9cnica, abogando por un enfoque \u00e9tico y humano que sirva al bien com\u00fan. Se presenta como un viaje inici\u00e1tico que busca integrar raz\u00f3n y emoci\u00f3n, acci\u00f3n e introspecci\u00f3n, y que invita a cada individuo a liderar desde la conciencia y el compromiso social.<\/p>\n\n\n\n<p>El autor sostiene que &#8220;en tiempos donde los signos de descomposici\u00f3n social, comunicacional, pol\u00edtica y ambiental se multiplican con velocidad alarmante, se impone con urgencia una reflexi\u00f3n profunda sobre el tipo de liderazgo que estamos llamados a ejercer y fomentar. No se trata ya de repetir modelos de conducci\u00f3n centrados en la imposici\u00f3n o la mera eficiencia t\u00e9cnica, sino de abrir el coraz\u00f3n y la conciencia a una noci\u00f3n m\u00e1s alta, m\u00e1s plena y m\u00e1s humana del liderazgo: aquella que lo concibe como herramienta sagrada para la transformaci\u00f3n social&#8221;.<\/p>\n\n\n\n<p>Asimismo Arecco explica que con esta obra &#8220;no es solo un tratado sobre t\u00e9cnicas de conducci\u00f3n, ni un manual de autoayuda revestido de consignas motivacionales. Es un viaje inici\u00e1tico. Una br\u00fajula para quienes sienten el llamado de liderar desde un lugar m\u00e1s profundo. El del compromiso \u00e9tico, la coherencia interior, la resonancia espiritual y la construcci\u00f3n colectiva del bien com\u00fan&#8221;.<\/p>\n\n\n\n<p>Sobre Marcelo Javier Arecco<\/p>\n\n\n\n<p>Marcelo Javier Arecco es Master en Psicolog\u00eda Organizacional y Gerenciamiento, licenciado en Relaciones industriales, curs\u00f3 el doctorado en Sociolog\u00eda Laboral Coach Ontol\u00f3gico nacional e internacional con mas de 35 a\u00f1os de experiencia.<\/p>\n\n\n\n<p>El acceso es libre para todos aquellos que quieran participar de esta presentaci\u00f3n adem\u00e1s de una charla-conferencia del autor.<\/p>\n\n\n\n<figure class=\"wp-block-image size-large\"><img decoding=\"async\" src=\"https:\/\/corrientesdetarde.com\/wp-content\/uploads\/2025\/09\/Imagen-de-WhatsApp-2025-09-29-a-las-08.20.12_7324daa9-859x1024.jpg\" alt=\"\" class=\"wp-image-229060\"\/><\/figure>\n","protected":false},"excerpt":{"rendered":"<p>El pr\u00f3ximo lunes 29 de septiembre a las 20 horas se presentar\u00e1 el libro &#8220;El despertar del nuevo poder. Liderazgo pol\u00edtico como herramienta de transformaci\u00f3n social&#8221; de Marcelo Javier Arecco.&hellip; <\/p>\n","protected":false},"author":1,"featured_media":229060,"comment_status":"closed","ping_status":"open","sticky":false,"template":"","format":"standard","meta":{"footnotes":""},"categories":[22],"tags":[],"class_list":["post-229058","post","type-post","status-publish","format-standard","has-post-thumbnail","hentry","category-eventos"],"_links":{"self":[{"href":"https:\/\/corrientesdetarde.com\/index.php\/wp-json\/wp\/v2\/posts\/229058","targetHints":{"allow":["GET"]}}],"collection":[{"href":"https:\/\/corrientesdetarde.com\/index.php\/wp-json\/wp\/v2\/posts"}],"about":[{"href":"https:\/\/corrientesdetarde.com\/index.php\/wp-json\/wp\/v2\/types\/post"}],"author":[{"embeddable":true,"href":"https:\/\/corrientesdetarde.com\/index.php\/wp-json\/wp\/v2\/users\/1"}],"replies":[{"embeddable":true,"href":"https:\/\/corrientesdetarde.com\/index.php\/wp-json\/wp\/v2\/comments?post=229058"}],"version-history":[{"count":1,"href":"https:\/\/corrientesdetarde.com\/index.php\/wp-json\/wp\/v2\/posts\/229058\/revisions"}],"predecessor-version":[{"id":229061,"href":"https:\/\/corrientesdetarde.com\/index.php\/wp-json\/wp\/v2\/posts\/229058\/revisions\/229061"}],"wp:featuredmedia":[{"embeddable":true,"href":"https:\/\/corrientesdetarde.com\/index.php\/wp-json\/wp\/v2\/media\/229060"}],"wp:attachment":[{"href":"https:\/\/corrientesdetarde.com\/index.php\/wp-json\/wp\/v2\/media?parent=229058"}],"wp:term":[{"taxonomy":"category","embeddable":true,"href":"https:\/\/corrientesdetarde.com\/index.php\/wp-json\/wp\/v2\/categories?post=229058"},{"taxonomy":"post_tag","embeddable":true,"href":"https:\/\/corrientesdetarde.com\/index.php\/wp-json\/wp\/v2\/tags?post=229058"}],"curies":[{"name":"wp","href":"https:\/\/api.w.org\/{rel}","templated":true}]}}