{"id":229059,"date":"2025-09-29T09:47:40","date_gmt":"2025-09-29T12:47:40","guid":{"rendered":"https:\/\/corrientesdetarde.com\/?p=229059"},"modified":"2025-09-29T09:47:51","modified_gmt":"2025-09-29T12:47:51","slug":"imputan-a-un-hombre-en-saladas-por-abuso-sexual-la-fiscalia-pidio-prision-preventiva","status":"publish","type":"post","link":"https:\/\/corrientesdetarde.com\/index.php\/crimen-y-justicia\/imputan-a-un-hombre-en-saladas-por-abuso-sexual-la-fiscalia-pidio-prision-preventiva\/","title":{"rendered":"Imputan a un hombre en Saladas por abuso sexual: la Fiscal\u00eda pidi\u00f3 prisi\u00f3n preventiva"},"content":{"rendered":"\n<p>Un hombre de 59 a\u00f1os fue imputado el domingo por el delito de\u00a0<strong>abuso sexual\u00a0<\/strong>con\u00a0<strong>acceso carnal<\/strong>, tras la denuncia de joven de 27 en Saladas.<\/p>\n\n\n\n<p><\/p>\n\n\n\n<p><br>As\u00ed lo confirm\u00f3 el&nbsp;<strong>fiscal de Saladas<\/strong>,&nbsp;<strong>Osvaldo Ojeda<\/strong>. El hecho ocurri\u00f3 el&nbsp;<strong>jueves 24<\/strong>, tras la denuncia la Polic\u00eda realiz\u00f3 un&nbsp;<strong>allanamiento&nbsp;<\/strong>en un domicilio y&nbsp;<strong>detuvo al acusado<\/strong>.<\/p>\n\n\n\n<p>\u201cEn horas de la ma\u00f1ana -del domingo- se hab\u00edan formalizado\u00a0<strong>se le ley\u00f3 el hecho\u00a0<\/strong>y se le\u00a0<strong>inform\u00f3 el delito\u00a0<\/strong>por el que se le imputa\u201d, declar\u00f3\u00a0<strong>Ojeda\u00a0<\/strong>sobre la\u00a0<strong>detenci\u00f3n del acusado<\/strong>.<\/p>\n\n\n\n<p>\u201cLa&nbsp;<strong>Fiscal\u00eda&nbsp;<\/strong>pidi\u00f3 la&nbsp;<strong>prisi\u00f3n preventiva&nbsp;<\/strong>por el t\u00e9rmino de&nbsp;<strong>30 d\u00edas<\/strong>\u201d precis\u00f3 el fiscal y agreg\u00f3 que en la toma de declaraciones \u201c<strong>la v\u00edctima no quiso estar presente<\/strong>, solo que se le informe el resultado de la audiencia\u201d.<\/p>\n\n\n\n<h2 class=\"wp-block-heading\">Denuncia e investigaci\u00f3n<\/h2>\n\n\n\n<p>Igualmente se espera la declaraci\u00f3n del&nbsp;<strong>hombre de 27 a\u00f1os&nbsp;<\/strong>\u201cpara que&nbsp;<strong>ratifique&nbsp;<\/strong>lo que dijo en la&nbsp;<strong>denuncia&nbsp;<\/strong>y&nbsp;<strong>ampliar unos puntos&nbsp;<\/strong>que para la Fiscal\u00eda est\u00e1n en una&nbsp;<strong>zona gris<\/strong>\u201d, aclar\u00f3 el fiscal, \u201ctodo esto en&nbsp;<strong>presencia&nbsp;<\/strong>del&nbsp;<strong>abogado defensor&nbsp;<\/strong>del imputado, que tendr\u00e1 preguntas por hacer\u201d.<\/p>\n\n\n\n<p>Por otro lado,&nbsp;<strong>Ojeda&nbsp;<\/strong>mencion\u00f3 que la&nbsp;<strong>v\u00edctima&nbsp;<\/strong>\u201cpara la semana que viene el&nbsp;<strong>Cuerpo de Psicolog\u00eda Forense&nbsp;<\/strong>le dio turno para tener una&nbsp;<strong>entrevista con la psic\u00f3loga<\/strong>\u201d.<\/p>\n\n\n\n<p>Sobre el hecho, el fiscal mencion\u00f3 que \u201cterminado el&nbsp;<strong>partido&nbsp;<\/strong>de&nbsp;<strong>River Plate<\/strong>, pasadas las 23 horas, mas o menos la&nbsp;<strong>denuncia&nbsp;<\/strong>se realiz\u00f3 a las&nbsp;<strong>3 de la ma\u00f1ana<\/strong>\u201d, tras lo cual \u201c<strong>se hizo mucho trabajo<\/strong>\u201d, pues se \u201ctom\u00f3 las&nbsp;<strong>pruebas respectivas<\/strong>, se hizo el&nbsp;<strong>examen&nbsp;<\/strong>sobre este hombre\u201d.<\/p>\n\n\n\n<p>Ojeda mencion\u00f3 que \u201cestar\u00eda faltando el&nbsp;<strong>informe f\u00edsico&nbsp;<\/strong>por parte del laboratorio del&nbsp;<strong>Poder Judicial<\/strong>, ya que eso se envi\u00f3 a Corrientes\u201d, pues con ello \u201cse tendr\u00e1 una idea m\u00e1s acabada de c\u00f3mo fue el hecho\u201d.<\/p>\n\n\n\n<p>El&nbsp;<strong>fiscal aclar\u00f3 sobre el imputado&nbsp;<\/strong>que \u201ceste se\u00f1or, como&nbsp;<strong>trabajaba en el sur&nbsp;<\/strong>y es jubilado,&nbsp;<strong>va y viene<\/strong>\u201d y que sobre este detalle \u201cel&nbsp;<strong>juez tuvo en cuenta&nbsp;<\/strong>para&nbsp;<strong>dictar la prisi\u00f3n preventiva<\/strong>\u201d.<\/p>\n\n\n\n<h2 class=\"wp-block-heading\">Los grises en la causa<\/h2>\n\n\n\n<p>El&nbsp;<strong>fiscal Ojeda&nbsp;<\/strong>dijo que existe una&nbsp;<strong>zona gris&nbsp;<\/strong>en cuanto a los&nbsp;<strong>datos aportados&nbsp;<\/strong>en la denuncia. \u201cLo que&nbsp;<strong>tengo acreditado&nbsp;<\/strong>es que estuvieron&nbsp;<strong>dando vueltas&nbsp;<\/strong>un largo rato en la&nbsp;<strong>ciudad&nbsp;<\/strong>en el&nbsp;<strong>auto del imputado&nbsp;<\/strong>y luego terminan en la casa -del mismo-\u201d.<\/p>\n\n\n\n<p>Sobre la&nbsp;<strong>declaraci\u00f3n del imputado<\/strong>, Ojeda aclar\u00f3 que este decidi\u00f3 \u201c<strong>abstenerse -de declarar-&nbsp;<\/strong>y que en la semana va a pedir&nbsp;<strong>audiencia&nbsp;<\/strong>para hacer un&nbsp;<strong>descargo&nbsp;<\/strong>del tipo&nbsp;<strong>formal<\/strong>. Dejar&nbsp;<strong>plasmado&nbsp;<\/strong>en un acta lo que quiere que la&nbsp;<strong>Fiscal\u00eda sepa&nbsp;<\/strong>y en funci\u00f3n eso&nbsp;<strong>trabajar&nbsp;<\/strong>con los&nbsp;<strong>elementos&nbsp;<\/strong>que tengo como&nbsp;<strong>pruebas en la causa<\/strong>\u201d.<\/p>\n\n\n\n<p>El fiscal enumer\u00f3 que \u201ctengo varias&nbsp;<strong>entrevistas por realizar<\/strong>, ya que se han tomado&nbsp;<strong>declaraciones testimoniales<\/strong>\u201d; \u201ctengo&nbsp;<strong>registros f\u00edlmicos&nbsp;<\/strong>en lugares donde&nbsp;<strong>se ven a los dos&nbsp;<\/strong>circulando en la&nbsp;<strong>camioneta del imputado<\/strong>\u201d, \u201ctengo&nbsp;<strong>informes socio ambientales, sondeo vecinal&nbsp;<\/strong>\u201d. Ojeda destac\u00f3 que &#8220;es una causa que en muy poco tiempo se ha generado mucha actividad&#8221;.<\/p>\n","protected":false},"excerpt":{"rendered":"<p>Un hombre de 59 a\u00f1os fue imputado el domingo por el delito de\u00a0abuso sexual\u00a0con\u00a0acceso carnal, tras la denuncia de joven de 27 en Saladas. As\u00ed lo confirm\u00f3 el&nbsp;fiscal de Saladas,&nbsp;Osvaldo&hellip; <\/p>\n","protected":false},"author":1,"featured_media":229072,"comment_status":"closed","ping_status":"open","sticky":false,"template":"","format":"standard","meta":{"footnotes":""},"categories":[5],"tags":[],"class_list":["post-229059","post","type-post","status-publish","format-standard","has-post-thumbnail","hentry","category-crimen-y-justicia"],"_links":{"self":[{"href":"https:\/\/corrientesdetarde.com\/index.php\/wp-json\/wp\/v2\/posts\/229059","targetHints":{"allow":["GET"]}}],"collection":[{"href":"https:\/\/corrientesdetarde.com\/index.php\/wp-json\/wp\/v2\/posts"}],"about":[{"href":"https:\/\/corrientesdetarde.com\/index.php\/wp-json\/wp\/v2\/types\/post"}],"author":[{"embeddable":true,"href":"https:\/\/corrientesdetarde.com\/index.php\/wp-json\/wp\/v2\/users\/1"}],"replies":[{"embeddable":true,"href":"https:\/\/corrientesdetarde.com\/index.php\/wp-json\/wp\/v2\/comments?post=229059"}],"version-history":[{"count":1,"href":"https:\/\/corrientesdetarde.com\/index.php\/wp-json\/wp\/v2\/posts\/229059\/revisions"}],"predecessor-version":[{"id":229073,"href":"https:\/\/corrientesdetarde.com\/index.php\/wp-json\/wp\/v2\/posts\/229059\/revisions\/229073"}],"wp:featuredmedia":[{"embeddable":true,"href":"https:\/\/corrientesdetarde.com\/index.php\/wp-json\/wp\/v2\/media\/229072"}],"wp:attachment":[{"href":"https:\/\/corrientesdetarde.com\/index.php\/wp-json\/wp\/v2\/media?parent=229059"}],"wp:term":[{"taxonomy":"category","embeddable":true,"href":"https:\/\/corrientesdetarde.com\/index.php\/wp-json\/wp\/v2\/categories?post=229059"},{"taxonomy":"post_tag","embeddable":true,"href":"https:\/\/corrientesdetarde.com\/index.php\/wp-json\/wp\/v2\/tags?post=229059"}],"curies":[{"name":"wp","href":"https:\/\/api.w.org\/{rel}","templated":true}]}}