{"id":229204,"date":"2025-09-29T23:54:08","date_gmt":"2025-09-30T02:54:08","guid":{"rendered":"https:\/\/corrientesdetarde.com\/?p=229204"},"modified":"2025-09-29T23:54:14","modified_gmt":"2025-09-30T02:54:14","slug":"putin-invita-trump-a-una-reunion-en-moscu","status":"publish","type":"post","link":"https:\/\/corrientesdetarde.com\/index.php\/internacionales\/putin-invita-trump-a-una-reunion-en-moscu\/","title":{"rendered":"Putin invita Trump a una reuni\u00f3n en Mosc\u00fa"},"content":{"rendered":"\n<h2 class=\"wp-block-heading\">Mientras tanto, se anuncia que Estados Unidos enviar\u00eda m\u00e1s misiles para Ucrania: \u00bfTrump adopta las pol\u00edticas de Joe Biden? JD Vance lo aclara.<\/h2>\n\n\n\n<p><strong>El presidente de Rusia, Vladimir Putin, est\u00e1 dispuesto a reunirse con el presidente de Estados Unidos, Donald Trump, en Mosc\u00fa<\/strong>, pero la decisi\u00f3n corresponde a la parte estadounidense, inform\u00f3 el vocero del Kremlin, Dmitri Peskov.<\/p>\n\n\n\n<p><strong>Peskov<\/strong>&nbsp;coment\u00f3 a la agencia de noticias TASS rusa que la invitaci\u00f3n hecha por Putin a Trump sigue en la mesa. Peskov agreg\u00f3 que Putin est\u00e1 listo y dispuesto a celebrar la reuni\u00f3n&nbsp;con Trump en Mosc\u00fa.&nbsp;<em>\u201cTodo depende de la decisi\u00f3n de Trump\u201d,&nbsp;<\/em>a\u00f1adi\u00f3.<\/p>\n\n\n\n<p>En agosto,&nbsp; despu\u00e9s de su encuentro en Alaska,&nbsp;<strong>Putin<\/strong>&nbsp;propuso que su pr\u00f3xima reuni\u00f3n fuera en Mosc\u00fa.<\/p>\n\n\n\n<p>El l\u00edder estadounidense describi\u00f3 la propuesta como&nbsp;<strong>posible<\/strong>, aunque admiti\u00f3 que enfrentar\u00eda cr\u00edticas por ello, indica un informe de la agencia de noticias Xinhua.<\/p>\n\n\n\n<h3 class=\"wp-block-heading\">M\u00e1s misiles de Estados Unidos para Ucrania: \u00bfTrump adopta las pol\u00edticas de Joe Biden?<\/h3>\n\n\n\n<p>El vicepresidente de Estados Unidos,&nbsp;<strong>JD Vance<\/strong>, inform\u00f3 que la Casa Blanca&nbsp; est\u00e1 considerando un plan para que los aliados europeos de la OTAN comprendan misiles de crucero Tomahawk de&nbsp; fabricaci\u00f3n estadounidense y los transfieran a Ucrania, aunque la decisi\u00f3n final corresponde al presidente Donald&nbsp; Trump.<\/p>\n\n\n\n<p><em><strong>\u201cS\u00e9 que estamos conversaciones teniendo en este momento sobre ese tema. Lo estamos viendo. Ciertamente, estamos viendo una serie de solicitudes de los europeos\u201d,&nbsp;<\/strong><\/em>declar\u00f3 Vance a Fox News.<\/p>\n\n\n\n<p>Al ser consultado sobre si estaba personalmente c\u00f3modo con Ucrania recibiendo misiles Tomahawk y \u201cla amenaza que eso podr\u00eda representar\u201d,&nbsp;<strong>Vance<\/strong>&nbsp;evit\u00f3 responder directamente, indicando que Trump tomar\u00e1 la \u201cdeterminaci\u00f3n final\u2026 sobre lo que es mejor para los Estados Unidos de Am\u00e9rica\u201d.<\/p>\n\n\n\n<p>Seg\u00fan los medios de comunicaci\u00f3n estadounidenses, el presidente ucraniano, Volod\u00edmir<strong>&nbsp;Zelenski,<\/strong>&nbsp;propuso el acuerdo durante su reuni\u00f3n con Trump al margen de la Asamblea General de la ONU en Nueva York la semana pasada y afirm\u00f3 que Trump le respondi\u00f3: \u201cVamos a trabajar en ello\u201d.<\/p>\n\n\n\n<p><strong>Vance<\/strong>&nbsp;destac\u00f3 que la Administraci\u00f3n Trump adopt\u00f3 un cambio de pol\u00edtica m\u00e1s amplio que presiona para que Europa asuma una mayor carga.<\/p>\n\n\n\n<p><em><strong>\u201cYa no estamos simplemente dando toneladas de dinero y armas, lo que estamos haciendo es pedir a los europeos que compren esas armas\u201d,&nbsp;<\/strong><\/em>aclar\u00f3<em><strong>.<\/strong><\/em><\/p>\n\n\n\n<p>Mientras tanto, pidi\u00f3 a<strong>&nbsp;Rusia&nbsp;<\/strong>que \u201c<em>venga a la mesa y realmente capaz seriamente sobre la paz\u201d.<\/em><\/p>\n\n\n\n<p><strong>Tomahawk&nbsp;<\/strong>es un misil de crucero de ataque terrestre subs\u00f3nico de largo alcance de fabricaci\u00f3n estadounidense con un alcance operativo de 460-2.500 kil\u00f3metros, dependiendo de la variante.<\/p>\n\n\n\n<p>Este alcance podr\u00eda permitir ataques en \u00e1reas cercanas a&nbsp;<strong>Mosc\u00fa<\/strong>&nbsp;si los misiles fueron desplegados desde partes de Europa.<\/p>\n","protected":false},"excerpt":{"rendered":"<p>Mientras tanto, se anuncia que Estados Unidos enviar\u00eda m\u00e1s misiles para Ucrania: \u00bfTrump adopta las pol\u00edticas de Joe Biden? JD Vance lo aclara. El presidente de Rusia, Vladimir Putin, est\u00e1&hellip; <\/p>\n","protected":false},"author":4,"featured_media":229243,"comment_status":"closed","ping_status":"open","sticky":false,"template":"","format":"standard","meta":{"footnotes":""},"categories":[11],"tags":[],"class_list":["post-229204","post","type-post","status-publish","format-standard","has-post-thumbnail","hentry","category-internacionales"],"_links":{"self":[{"href":"https:\/\/corrientesdetarde.com\/index.php\/wp-json\/wp\/v2\/posts\/229204","targetHints":{"allow":["GET"]}}],"collection":[{"href":"https:\/\/corrientesdetarde.com\/index.php\/wp-json\/wp\/v2\/posts"}],"about":[{"href":"https:\/\/corrientesdetarde.com\/index.php\/wp-json\/wp\/v2\/types\/post"}],"author":[{"embeddable":true,"href":"https:\/\/corrientesdetarde.com\/index.php\/wp-json\/wp\/v2\/users\/4"}],"replies":[{"embeddable":true,"href":"https:\/\/corrientesdetarde.com\/index.php\/wp-json\/wp\/v2\/comments?post=229204"}],"version-history":[{"count":1,"href":"https:\/\/corrientesdetarde.com\/index.php\/wp-json\/wp\/v2\/posts\/229204\/revisions"}],"predecessor-version":[{"id":229244,"href":"https:\/\/corrientesdetarde.com\/index.php\/wp-json\/wp\/v2\/posts\/229204\/revisions\/229244"}],"wp:featuredmedia":[{"embeddable":true,"href":"https:\/\/corrientesdetarde.com\/index.php\/wp-json\/wp\/v2\/media\/229243"}],"wp:attachment":[{"href":"https:\/\/corrientesdetarde.com\/index.php\/wp-json\/wp\/v2\/media?parent=229204"}],"wp:term":[{"taxonomy":"category","embeddable":true,"href":"https:\/\/corrientesdetarde.com\/index.php\/wp-json\/wp\/v2\/categories?post=229204"},{"taxonomy":"post_tag","embeddable":true,"href":"https:\/\/corrientesdetarde.com\/index.php\/wp-json\/wp\/v2\/tags?post=229204"}],"curies":[{"name":"wp","href":"https:\/\/api.w.org\/{rel}","templated":true}]}}