{"id":229233,"date":"2025-09-29T22:55:54","date_gmt":"2025-09-30T01:55:54","guid":{"rendered":"https:\/\/corrientesdetarde.com\/?p=229233"},"modified":"2025-09-29T22:56:06","modified_gmt":"2025-09-30T01:56:06","slug":"el-despertar-del-nuevo-poder-braillard-poccard-presento-en-la-legislatura-el-libro-de-marcelo-arecco","status":"publish","type":"post","link":"https:\/\/corrientesdetarde.com\/index.php\/eventossociedad\/el-despertar-del-nuevo-poder-braillard-poccard-presento-en-la-legislatura-el-libro-de-marcelo-arecco\/","title":{"rendered":"\u201cEl despertar del nuevo poder\u201d: Braillard Poccard present\u00f3 en la Legislatura el libro de Marcelo Arecco"},"content":{"rendered":"\n<p>En un recinto colmado de p\u00fablico, la Legislatura provincial fue escenario de la presentaci\u00f3n del libro \u201cEl despertar del nuevo poder. Liderazgo pol\u00edtico como herramienta de transformaci\u00f3n social\u201d, del autor Marcelo Javier Arecco. La actividad estuvo encabezada por el vicegobernador Pedro Braillard Poccard, quien destac\u00f3 la profundidad de la obra y su aporte a la reflexi\u00f3n sobre el rol del liderazgo en tiempos de incertidumbre.<\/p>\n\n\n\n<figure class=\"wp-block-image size-large\"><img loading=\"lazy\" decoding=\"async\" width=\"1024\" height=\"682\" src=\"https:\/\/corrientesdetarde.com\/wp-content\/uploads\/2025\/09\/image-995-1024x682.png\" alt=\"\" class=\"wp-image-229234\" srcset=\"https:\/\/corrientesdetarde.com\/wp-content\/uploads\/2025\/09\/image-995-1024x682.png 1024w, https:\/\/corrientesdetarde.com\/wp-content\/uploads\/2025\/09\/image-995-300x200.png 300w, https:\/\/corrientesdetarde.com\/wp-content\/uploads\/2025\/09\/image-995-768x512.png 768w, https:\/\/corrientesdetarde.com\/wp-content\/uploads\/2025\/09\/image-995.png 1091w\" sizes=\"auto, (max-width: 1024px) 100vw, 1024px\" \/><\/figure>\n\n\n\n<p><\/p>\n\n\n\n<p>Braillard Poccard abri\u00f3 su intervenci\u00f3n agradeciendo al autor la invitaci\u00f3n y compartiendo una lectura personal del libro: \u201cA medida que lo fui leyendo me despert\u00f3 la curiosidad de ver a d\u00f3nde quer\u00eda llegar. Marcelo aborda un tema tan complejo como el liderazgo y el poder en una etapa en la que el mundo tiene algunas certezas y muchas incertidumbres\u201d.<\/p>\n\n\n\n<p>El Vicegobernador enmarc\u00f3 la propuesta en el contexto actual, atravesado por los desaf\u00edos de la tecnolog\u00eda, la inteligencia artificial, el impacto en el trabajo y las crisis globales. \u201cEn este escenario, los liderazgos que vayan surgiendo estar\u00e1n profundamente relacionados a estas cuestiones, porque tenemos m\u00e1s incertidumbres que certezas\u201d, afirm\u00f3.<\/p>\n\n\n\n<p>Uno de los pasajes que m\u00e1s lo conmovi\u00f3 fue la reflexi\u00f3n sobre el valor de aprender de los fracasos: \u201cQuien se ha permitido caer, romperse, rearmarse y volver, ya no es l\u00edder desde la teor\u00eda, sino desde la experiencia. Y es cierto: la ca\u00edda es parte de la vida y aquel que logra recuperarse tiene mucho m\u00e1s para aportar\u201d.<\/p>\n\n\n\n<figure class=\"wp-block-image size-large\"><img loading=\"lazy\" decoding=\"async\" width=\"1024\" height=\"676\" src=\"https:\/\/corrientesdetarde.com\/wp-content\/uploads\/2025\/09\/image-996-1024x676.png\" alt=\"\" class=\"wp-image-229235\" srcset=\"https:\/\/corrientesdetarde.com\/wp-content\/uploads\/2025\/09\/image-996-1024x676.png 1024w, https:\/\/corrientesdetarde.com\/wp-content\/uploads\/2025\/09\/image-996-300x198.png 300w, https:\/\/corrientesdetarde.com\/wp-content\/uploads\/2025\/09\/image-996-768x507.png 768w, https:\/\/corrientesdetarde.com\/wp-content\/uploads\/2025\/09\/image-996.png 1089w\" sizes=\"auto, (max-width: 1024px) 100vw, 1024px\" \/><\/figure>\n\n\n\n<p>Braillard Poccard subray\u00f3 que el libro no se limita a la descripci\u00f3n de cualidades ideales, sino que propone un verdadero manual de cuestiones pr\u00e1cticas para quienes ejercen liderazgo. En este sentido, resalt\u00f3 la idea de que la pol\u00edtica puede y debe ser vivida \u201ccomo un camino del esp\u00edritu\u201d: \u201cLa pol\u00edtica, vivida desde el alma, puede ser un modo de practicar el servicio, de cultivar la verdad, de atravesar el poder sin ser devorado por \u00e9l. Esa es una definici\u00f3n que me pareci\u00f3 excelente, porque quienes desempe\u00f1amos funciones sabemos de esa tentaci\u00f3n de pensar que el poder nos pertenece. Y no es as\u00ed: el poder es una herramienta para transformar la sociedad\u201d.<\/p>\n\n\n\n<p>El Vicegobernador tambi\u00e9n valor\u00f3 la insistencia del autor en la coherencia como rasgo esencial del liderazgo: \u201cEl tiempo pol\u00edtico es fugaz, los mandatos pasan, las gestiones se olvidan, pero lo que permanece es la huella que dejamos en el alma colectiva. Esa huella se mide en coherencia encarnada, en v\u00ednculos dignificados, en decisiones que tocan la fibra m\u00e1s \u00edntima de una comunidad\u201d.<\/p>\n\n\n\n<p>Finalmente, Braillard Poccard recomend\u00f3 la lectura de la obra por considerarla \u201cun aporte necesario en tiempos donde la reflexi\u00f3n es indispensable para construir un futuro mejor\u201d.<\/p>\n\n\n\n<p>Por su parte, Marcelo Javier Arecco explic\u00f3 que su libro busca abrir una mirada \u00e9tica y humana sobre la conducci\u00f3n pol\u00edtica: \u201cNo se trata de repetir modelos centrados en la imposici\u00f3n o la mera eficiencia t\u00e9cnica, sino de concebir el liderazgo como una herramienta sagrada para la transformaci\u00f3n social. Es un viaje inici\u00e1tico, una br\u00fajula para quienes sienten el llamado de liderar desde un lugar m\u00e1s profundo, con compromiso \u00e9tico, coherencia interior y construcci\u00f3n colectiva del bien com\u00fan\u201d.<\/p>\n","protected":false},"excerpt":{"rendered":"<p>En un recinto colmado de p\u00fablico, la Legislatura provincial fue escenario de la presentaci\u00f3n del libro \u201cEl despertar del nuevo poder. Liderazgo pol\u00edtico como herramienta de transformaci\u00f3n social\u201d, del autor&hellip; <\/p>\n","protected":false},"author":4,"featured_media":229236,"comment_status":"closed","ping_status":"open","sticky":false,"template":"","format":"standard","meta":{"footnotes":""},"categories":[1208],"tags":[],"class_list":["post-229233","post","type-post","status-publish","format-standard","has-post-thumbnail","hentry","category-eventossociedad"],"_links":{"self":[{"href":"https:\/\/corrientesdetarde.com\/index.php\/wp-json\/wp\/v2\/posts\/229233","targetHints":{"allow":["GET"]}}],"collection":[{"href":"https:\/\/corrientesdetarde.com\/index.php\/wp-json\/wp\/v2\/posts"}],"about":[{"href":"https:\/\/corrientesdetarde.com\/index.php\/wp-json\/wp\/v2\/types\/post"}],"author":[{"embeddable":true,"href":"https:\/\/corrientesdetarde.com\/index.php\/wp-json\/wp\/v2\/users\/4"}],"replies":[{"embeddable":true,"href":"https:\/\/corrientesdetarde.com\/index.php\/wp-json\/wp\/v2\/comments?post=229233"}],"version-history":[{"count":1,"href":"https:\/\/corrientesdetarde.com\/index.php\/wp-json\/wp\/v2\/posts\/229233\/revisions"}],"predecessor-version":[{"id":229237,"href":"https:\/\/corrientesdetarde.com\/index.php\/wp-json\/wp\/v2\/posts\/229233\/revisions\/229237"}],"wp:featuredmedia":[{"embeddable":true,"href":"https:\/\/corrientesdetarde.com\/index.php\/wp-json\/wp\/v2\/media\/229236"}],"wp:attachment":[{"href":"https:\/\/corrientesdetarde.com\/index.php\/wp-json\/wp\/v2\/media?parent=229233"}],"wp:term":[{"taxonomy":"category","embeddable":true,"href":"https:\/\/corrientesdetarde.com\/index.php\/wp-json\/wp\/v2\/categories?post=229233"},{"taxonomy":"post_tag","embeddable":true,"href":"https:\/\/corrientesdetarde.com\/index.php\/wp-json\/wp\/v2\/tags?post=229233"}],"curies":[{"name":"wp","href":"https:\/\/api.w.org\/{rel}","templated":true}]}}