{"id":229251,"date":"2025-09-29T23:57:53","date_gmt":"2025-09-30T02:57:53","guid":{"rendered":"https:\/\/corrientesdetarde.com\/?p=229251"},"modified":"2025-09-29T23:57:59","modified_gmt":"2025-09-30T02:57:59","slug":"dmitri-medvedev-sube-el-tono-contra-lideres-europeos-degenerados-insignificantes","status":"publish","type":"post","link":"https:\/\/corrientesdetarde.com\/index.php\/internacionales\/dmitri-medvedev-sube-el-tono-contra-lideres-europeos-degenerados-insignificantes\/","title":{"rendered":"Dmitri Medv\u00e9dev sube el tono contra l\u00edderes europeos: \u201cDegenerados insignificantes\u201d"},"content":{"rendered":"\n<h2 class=\"wp-block-heading\">\u201cEn su mayor\u00eda, son materia inerte y decadente que no est\u00e1 dispuesta a luchar por ning\u00fan ideal com\u00fan, ni siquiera por su propia tierra\u201d, atac\u00f3.<\/h2>\n\n\n\n<p><strong>El vicepresidente del Consejo de Seguridad de Rusia y el expresidente del pa\u00eds, Dmitri Medv\u00e9dev, subi\u00f3 el tono en las discusiones con l\u00edderes europeos, a quienes tild\u00f3 de&nbsp;<\/strong><em><mark><strong>\u201cdegenerados insignificantes\u201d<\/strong><\/mark><strong>.<\/strong><\/em><\/p>\n\n\n\n<p><em><strong>\u201cLos l\u00edderes europeos son unos&nbsp;<\/strong><mark><strong>degenerados insignificantes<\/strong><\/mark><strong>, incapaces de asumir la responsabilidad de ning\u00fan asunto serio. Carecen de pensamiento estrat\u00e9gico, y mucho menos de la pasi\u00f3n necesaria para tomar decisiones militares acertadas\u201d,&nbsp;<\/strong><\/em>expres\u00f3.<\/p>\n\n\n\n<p>En otro cap\u00edtulo de la<strong>&nbsp;pol\u00e9mica&nbsp;<\/strong>entre funcionarios rusos y sus pares de Europa, Medv\u00e9dev tom\u00f3 la palabra por su pa\u00eds y sostuvo que quienes mandan en el Viejo Continente no ser\u00e1n capaces de desatar una guerra contra Mosc\u00fa pese a su ret\u00f3rica belicista.<\/p>\n\n\n\n<p>En su canal de Telegram,&nbsp;<strong>Medv\u00e9dev<\/strong>&nbsp;argument\u00f3 que<strong>&nbsp;los pa\u00edses europeos&nbsp;<\/strong><em><strong>\u201cson vulnerables y est\u00e1n desunidos\u201d,<\/strong><\/em><strong>&nbsp;<\/strong>por lo que solo \u201cpueden perseguir sus propios intereses intentando sobrevivir en el caos econ\u00f3mico actual\u201d.<\/p>\n\n\n\n<p>Por tanto,&nbsp;<em><strong>\u201csimplemente no pueden permitirse una guerra con Rusia\u201d,<\/strong><\/em>&nbsp;se\u00f1al\u00f3 el exmandatario, citado por el sitio Actualidad RT.<\/p>\n\n\n\n<p><em><strong>\u201cEn su mayor\u00eda, son materia inerte y decadente que no est\u00e1 dispuesta a luchar por ning\u00fan ideal com\u00fan, ni siquiera por su propia tierra\u201d<\/strong><\/em>, atac\u00f3.<\/p>\n\n\n\n<p>El alto funcionario recalc\u00f3 que&nbsp;<strong>un conflicto armado con Europa tampoco conviene a Rusia,&nbsp;<\/strong>cuya prioridad actualmente es desarrollar sus territorios y restaurar las ciudades afectadas durante el conflicto con Ucranian.<\/p>\n\n\n\n<p><em><strong>\u201cA Rusia, en principio, no le hace falta una guerra con nadie, incluida con la fr\u00edgida y vieja Europa. No hay nada que ganar all\u00ed. La econom\u00eda europea es d\u00e9bil y dependiente de Estados Unidos, y su cultura se degrada sin gloria\u201d,&nbsp;<\/strong><\/em>continu\u00f3&nbsp;Medv\u00e9dev .<\/p>\n\n\n\n<p>Pero tambi\u00e9n reflexion\u00f3:&nbsp;<em><strong>\u201cLa posibilidad de un accidente fatal siempre existe. Y la hiperactividad de los idiotas [los l\u00edderes europeos] no ha desaparecido. Un conflicto as\u00ed conlleva un riesgo muy real de escalar hacia una guerra con armas de destrucci\u00f3n masiva\u201d.<\/strong><\/em><\/p>\n","protected":false},"excerpt":{"rendered":"<p>\u201cEn su mayor\u00eda, son materia inerte y decadente que no est\u00e1 dispuesta a luchar por ning\u00fan ideal com\u00fan, ni siquiera por su propia tierra\u201d, atac\u00f3. El vicepresidente del Consejo de&hellip; <\/p>\n","protected":false},"author":4,"featured_media":229252,"comment_status":"closed","ping_status":"open","sticky":false,"template":"","format":"standard","meta":{"footnotes":""},"categories":[11],"tags":[],"class_list":["post-229251","post","type-post","status-publish","format-standard","has-post-thumbnail","hentry","category-internacionales"],"_links":{"self":[{"href":"https:\/\/corrientesdetarde.com\/index.php\/wp-json\/wp\/v2\/posts\/229251","targetHints":{"allow":["GET"]}}],"collection":[{"href":"https:\/\/corrientesdetarde.com\/index.php\/wp-json\/wp\/v2\/posts"}],"about":[{"href":"https:\/\/corrientesdetarde.com\/index.php\/wp-json\/wp\/v2\/types\/post"}],"author":[{"embeddable":true,"href":"https:\/\/corrientesdetarde.com\/index.php\/wp-json\/wp\/v2\/users\/4"}],"replies":[{"embeddable":true,"href":"https:\/\/corrientesdetarde.com\/index.php\/wp-json\/wp\/v2\/comments?post=229251"}],"version-history":[{"count":1,"href":"https:\/\/corrientesdetarde.com\/index.php\/wp-json\/wp\/v2\/posts\/229251\/revisions"}],"predecessor-version":[{"id":229253,"href":"https:\/\/corrientesdetarde.com\/index.php\/wp-json\/wp\/v2\/posts\/229251\/revisions\/229253"}],"wp:featuredmedia":[{"embeddable":true,"href":"https:\/\/corrientesdetarde.com\/index.php\/wp-json\/wp\/v2\/media\/229252"}],"wp:attachment":[{"href":"https:\/\/corrientesdetarde.com\/index.php\/wp-json\/wp\/v2\/media?parent=229251"}],"wp:term":[{"taxonomy":"category","embeddable":true,"href":"https:\/\/corrientesdetarde.com\/index.php\/wp-json\/wp\/v2\/categories?post=229251"},{"taxonomy":"post_tag","embeddable":true,"href":"https:\/\/corrientesdetarde.com\/index.php\/wp-json\/wp\/v2\/tags?post=229251"}],"curies":[{"name":"wp","href":"https:\/\/api.w.org\/{rel}","templated":true}]}}