{"id":229261,"date":"2025-09-30T00:05:19","date_gmt":"2025-09-30T03:05:19","guid":{"rendered":"https:\/\/corrientesdetarde.com\/?p=229261"},"modified":"2025-09-30T00:05:26","modified_gmt":"2025-09-30T03:05:26","slug":"telefe-adquirio-los-derechos-y-transmitira-el-mundial-de-2026","status":"publish","type":"post","link":"https:\/\/corrientesdetarde.com\/index.php\/deportes\/telefe-adquirio-los-derechos-y-transmitira-el-mundial-de-2026\/","title":{"rendered":"Telefe adquiri\u00f3 los derechos y transmitir\u00e1 el Mundial de 2026"},"content":{"rendered":"\n<h2 class=\"wp-block-heading\">El canal tendr\u00e1 transmisi\u00f3n de la cita mundialista por primera vez desde 2010.<\/h2>\n\n\n\n<p>A meses del comienzo del Mundial de f\u00fatbol masculino de 2026, a disputarse en Estados Unidos, M\u00e9xico y Canad\u00e1, el canal Telefe anunci\u00f3 haber adquirido los derechos para su transmisi\u00f3n.<\/p>\n\n\n\n<p>La confirmaci\u00f3n oficial se dio durante la gala de los premios Mart\u00edn Fierro para la televisi\u00f3n de aire, con el anuncio del conductor Santiago Del Moro.<\/p>\n\n\n\n<p>Esta se convertir\u00e1 en la primera transmisi\u00f3n de Telefe en un Mundial de Selecciones desde 2010, habiendo retransmitido este a\u00f1o algunos partidos del Mundial de Clubes, as\u00ed como tambi\u00e9n de la anterior Copa Am\u00e9rica y las \u00faltimas ediciones de la Copa Libertadores.<\/p>\n\n\n\n<p>En plena premiaci\u00f3n de los premios Mart\u00edn Fierro a la televisi\u00f3n, Santiago Del Moro hizo un anuncio muy esperado: el Mundial volver\u00e1 a la pantalla de Telefe.<\/p>\n\n\n\n<p>Miembro del grupo Viacom, y habiendo hecho grandes inversiones en el deporte en los \u00faltimos a\u00f1os, el acceso a los derechos de transmisi\u00f3n por parte de Telefe no fue sorpresivo.<\/p>\n\n\n\n<p>El canal ya se hab\u00eda desempe\u00f1ado en la \u00faltima Copa Am\u00e9rica, disputada en 2024 y con Argentina como campe\u00f3n, adem\u00e1s de desarrollar transmisiones de los equipos argentinos que disputan la Copa Libertadores, desde hace ya tres a\u00f1os.<\/p>\n\n\n\n<p>Adem\u00e1s, las transmisiones del canal mencionado suelen ser exitosas, debido a que le acercan el f\u00fatbol a los espectadores que no cuentan con un servicio de cableoperador, al ser un canal de aire, y competir\u00e1 de manera directa con la Televisi\u00f3n P\u00fablica, que tambi\u00e9n adquirir\u00e1 los derechos, aunque se hab\u00eda informado lo contrario en un primer momento.<\/p>\n\n\n\n<p>Con Pablo Giralt como relator, Juan Pablo Varsky en los comentarios y Manuel Olivari como campo de juego, el equipo de transmisi\u00f3n de Telefe ha cumplido con las expectativas en los \u00faltimos a\u00f1os, aunque se espera la llegada de m\u00e1s periodistas y especialistas debido a la alta cantidad de partidos que tendr\u00e1 la pr\u00f3xima cita mundialista: 104 encuentros.<\/p>\n\n\n\n<p>As\u00ed, Telefe, que hab\u00eda tenido diversas coberturas con enviados especiales en las \u00faltimas ediciones, volver\u00e1 a transmitir un Mundial de f\u00fatbol luego de haberlo hecho en el certamen de Sud\u00e1frica 2010, como \u00faltima vez. Tambi\u00e9n se hab\u00eda desempe\u00f1ado en Francia 1998 e incluso transmiti\u00f3 el debut argentino ante Corea del Sur en la Copa del Mundo de M\u00e9xico 1986, a\u00fan bajo el nombre de Canal 11.<\/p>\n","protected":false},"excerpt":{"rendered":"<p>El canal tendr\u00e1 transmisi\u00f3n de la cita mundialista por primera vez desde 2010. A meses del comienzo del Mundial de f\u00fatbol masculino de 2026, a disputarse en Estados Unidos, M\u00e9xico&hellip; <\/p>\n","protected":false},"author":4,"featured_media":229262,"comment_status":"closed","ping_status":"open","sticky":false,"template":"","format":"standard","meta":{"footnotes":""},"categories":[4],"tags":[],"class_list":["post-229261","post","type-post","status-publish","format-standard","has-post-thumbnail","hentry","category-deportes"],"_links":{"self":[{"href":"https:\/\/corrientesdetarde.com\/index.php\/wp-json\/wp\/v2\/posts\/229261","targetHints":{"allow":["GET"]}}],"collection":[{"href":"https:\/\/corrientesdetarde.com\/index.php\/wp-json\/wp\/v2\/posts"}],"about":[{"href":"https:\/\/corrientesdetarde.com\/index.php\/wp-json\/wp\/v2\/types\/post"}],"author":[{"embeddable":true,"href":"https:\/\/corrientesdetarde.com\/index.php\/wp-json\/wp\/v2\/users\/4"}],"replies":[{"embeddable":true,"href":"https:\/\/corrientesdetarde.com\/index.php\/wp-json\/wp\/v2\/comments?post=229261"}],"version-history":[{"count":1,"href":"https:\/\/corrientesdetarde.com\/index.php\/wp-json\/wp\/v2\/posts\/229261\/revisions"}],"predecessor-version":[{"id":229263,"href":"https:\/\/corrientesdetarde.com\/index.php\/wp-json\/wp\/v2\/posts\/229261\/revisions\/229263"}],"wp:featuredmedia":[{"embeddable":true,"href":"https:\/\/corrientesdetarde.com\/index.php\/wp-json\/wp\/v2\/media\/229262"}],"wp:attachment":[{"href":"https:\/\/corrientesdetarde.com\/index.php\/wp-json\/wp\/v2\/media?parent=229261"}],"wp:term":[{"taxonomy":"category","embeddable":true,"href":"https:\/\/corrientesdetarde.com\/index.php\/wp-json\/wp\/v2\/categories?post=229261"},{"taxonomy":"post_tag","embeddable":true,"href":"https:\/\/corrientesdetarde.com\/index.php\/wp-json\/wp\/v2\/tags?post=229261"}],"curies":[{"name":"wp","href":"https:\/\/api.w.org\/{rel}","templated":true}]}}