{"id":229264,"date":"2025-09-30T00:06:47","date_gmt":"2025-09-30T03:06:47","guid":{"rendered":"https:\/\/corrientesdetarde.com\/?p=229264"},"modified":"2025-09-30T00:06:54","modified_gmt":"2025-09-30T03:06:54","slug":"colombia-se-impuso-ante-arabia-saudita-y-debuto-con-victoria-en-el-mundial-sub-20","status":"publish","type":"post","link":"https:\/\/corrientesdetarde.com\/index.php\/deportes\/colombia-se-impuso-ante-arabia-saudita-y-debuto-con-victoria-en-el-mundial-sub-20\/","title":{"rendered":"Colombia se impuso ante Arabia Saudita y debut\u00f3 con victoria en el Mundial Sub 20"},"content":{"rendered":"\n<h2 class=\"wp-block-heading\">Los Cafeteros vencieron a los asi\u00e1ticos por la m\u00ednima con gol de Oscar Perea.<\/h2>\n\n\n\n<p><strong>Colombia venci\u00f3 este lunes a Arabia Saudita por 1-0<\/strong>&nbsp;en un partido correspondiente a la primera fecha del Grupo F del Mundial Sub 20, llevado a cabo en el estadio Fiscal de Talca en Chile.<\/p>\n\n\n\n<p>El \u00fanico gol del encuentro para los cafeteros lo convirti\u00f3&nbsp;<strong>Oscar Perea a los 19 minutos del segundo tiempo<\/strong>&nbsp;y sentenci\u00f3 el triunfo.<\/p>\n\n\n\n<p>Con este resultado, el combinado sudamericano se coloc\u00f3 en igualdad de condiciones que Noruega, quien venci\u00f3 por la misma diferencia a Nigeria. Ahora, ambos conjuntos deber\u00e1n enfrentarse el jueves dos de octubre para conocer quien alcanza el liderato de la zona. En tanto,&nbsp;<strong>Arabia Saudita enfrentar\u00e1 al elenco africano el mismo d\u00eda, a partir de las 20:00<\/strong>.<\/p>\n\n\n\n<p>En un encuentro parejo con dos equipos que buscaban sus primeros tres puntos en la Copa del Mundo juvenil, los comandados por Cesar Torres fueron m\u00e1s efectivos en el tramo final y lograron abrir el marcador en la segunda parte.<\/p>\n\n\n\n<p>Jordan Barrea presion\u00f3 en campo rival, recuper\u00f3 la pelota y asisti\u00f3 de gran manera al delantero del&nbsp;<strong>Racing de Estrasburgo, perteneciente a la Ligue 1 de Francia<\/strong>, quien solamente debi\u00f3 empujar la pelota al fondo de la red para batir al arquero Hamed Yousef Al Shanqiti.<\/p>\n","protected":false},"excerpt":{"rendered":"<p>Los Cafeteros vencieron a los asi\u00e1ticos por la m\u00ednima con gol de Oscar Perea. Colombia venci\u00f3 este lunes a Arabia Saudita por 1-0&nbsp;en un partido correspondiente a la primera fecha&hellip; <\/p>\n","protected":false},"author":4,"featured_media":229265,"comment_status":"closed","ping_status":"open","sticky":false,"template":"","format":"standard","meta":{"footnotes":""},"categories":[4],"tags":[],"class_list":["post-229264","post","type-post","status-publish","format-standard","has-post-thumbnail","hentry","category-deportes"],"_links":{"self":[{"href":"https:\/\/corrientesdetarde.com\/index.php\/wp-json\/wp\/v2\/posts\/229264","targetHints":{"allow":["GET"]}}],"collection":[{"href":"https:\/\/corrientesdetarde.com\/index.php\/wp-json\/wp\/v2\/posts"}],"about":[{"href":"https:\/\/corrientesdetarde.com\/index.php\/wp-json\/wp\/v2\/types\/post"}],"author":[{"embeddable":true,"href":"https:\/\/corrientesdetarde.com\/index.php\/wp-json\/wp\/v2\/users\/4"}],"replies":[{"embeddable":true,"href":"https:\/\/corrientesdetarde.com\/index.php\/wp-json\/wp\/v2\/comments?post=229264"}],"version-history":[{"count":1,"href":"https:\/\/corrientesdetarde.com\/index.php\/wp-json\/wp\/v2\/posts\/229264\/revisions"}],"predecessor-version":[{"id":229266,"href":"https:\/\/corrientesdetarde.com\/index.php\/wp-json\/wp\/v2\/posts\/229264\/revisions\/229266"}],"wp:featuredmedia":[{"embeddable":true,"href":"https:\/\/corrientesdetarde.com\/index.php\/wp-json\/wp\/v2\/media\/229265"}],"wp:attachment":[{"href":"https:\/\/corrientesdetarde.com\/index.php\/wp-json\/wp\/v2\/media?parent=229264"}],"wp:term":[{"taxonomy":"category","embeddable":true,"href":"https:\/\/corrientesdetarde.com\/index.php\/wp-json\/wp\/v2\/categories?post=229264"},{"taxonomy":"post_tag","embeddable":true,"href":"https:\/\/corrientesdetarde.com\/index.php\/wp-json\/wp\/v2\/tags?post=229264"}],"curies":[{"name":"wp","href":"https:\/\/api.w.org\/{rel}","templated":true}]}}