{"id":229275,"date":"2025-09-30T08:25:46","date_gmt":"2025-09-30T11:25:46","guid":{"rendered":"https:\/\/corrientesdetarde.com\/?p=229275"},"modified":"2025-09-30T08:26:23","modified_gmt":"2025-09-30T11:26:23","slug":"mato-a-su-vecino-de-un-disparo-a-quemarropa","status":"publish","type":"post","link":"https:\/\/corrientesdetarde.com\/index.php\/destacados\/mato-a-su-vecino-de-un-disparo-a-quemarropa\/","title":{"rendered":"Mat\u00f3 a su vecino de un disparo a quemarropa"},"content":{"rendered":"\n<p>Un hombre muri\u00f3 ayer en horas de la tarde luego de recibir un disparo en medio de una discusi\u00f3n con un vecino, quien fue el autor del homicidio. El hecho ocurri\u00f3 por Juan Manuel de Rosas al 1500 del barrio Juan XXIII. El asesino habr\u00eda sido identificado con el apellido Mendoza (28 a\u00f1os) y la v\u00edctima era de apellido Quintana (23), quien fue trasladado al Hospital Vidal al ser herido, pero termin\u00f3 perdiendo la vida.\u00a0<\/p>\n\n\n\n<p>Efectivos policiales dependientes de la Comisaria S\u00e9ptima urbana en colaboraci\u00f3n con la Unidad Fiscal de Investigaci\u00f3n dieron inicio a actuaciones judiciales en relaci\u00f3n a un hecho ocurrido por calle Juan Manuel de Rosas al 1.500 r donde un hombre mayor de edad -por causas que es materia de investigaci\u00f3n-&nbsp; muri\u00f3 al recibir un disparo de arma de fuego en su humanidad.<\/p>\n\n\n\n<p>El hecho ocurri\u00f3 luego de suscitarse un altercado con otro hombre, quien ser\u00eda su vecino.<\/p>\n\n\n\n<p><br>Seg\u00fan la informaci\u00f3n inicial obtenida, el hecho se habr\u00eda registrado cerca de las 15:00 horas.<\/p>\n\n\n\n<p>Aparentemente a ra\u00edz de alg\u00fan tipo de problema o inconveniente de vieja data, entre un hombre de apellido Mendoza -28- y Quintana -23- .<\/p>\n\n\n\n<p>En un momento dado Mendoza dispar\u00f3 contra Quintana, quien fue trasladado hasta el Hospital Vidal donde horas m\u00e1s tarde informaron que se produjo el deceso del mismo.<\/p>\n\n\n\n<p>Por el hecho, el supuesto autor fue aprehendido, puesto a disposici\u00f3n de la Justicia y trasladado hasta la citada comisaria, a fin de continuar con las diligencias del caso.<\/p>\n","protected":false},"excerpt":{"rendered":"<p>Un hombre muri\u00f3 ayer en horas de la tarde luego de recibir un disparo en medio de una discusi\u00f3n con un vecino, quien fue el autor del homicidio. El hecho&hellip; <\/p>\n","protected":false},"author":1,"featured_media":183100,"comment_status":"closed","ping_status":"open","sticky":false,"template":"","format":"standard","meta":{"footnotes":""},"categories":[26],"tags":[],"class_list":["post-229275","post","type-post","status-publish","format-standard","has-post-thumbnail","hentry","category-destacados"],"_links":{"self":[{"href":"https:\/\/corrientesdetarde.com\/index.php\/wp-json\/wp\/v2\/posts\/229275","targetHints":{"allow":["GET"]}}],"collection":[{"href":"https:\/\/corrientesdetarde.com\/index.php\/wp-json\/wp\/v2\/posts"}],"about":[{"href":"https:\/\/corrientesdetarde.com\/index.php\/wp-json\/wp\/v2\/types\/post"}],"author":[{"embeddable":true,"href":"https:\/\/corrientesdetarde.com\/index.php\/wp-json\/wp\/v2\/users\/1"}],"replies":[{"embeddable":true,"href":"https:\/\/corrientesdetarde.com\/index.php\/wp-json\/wp\/v2\/comments?post=229275"}],"version-history":[{"count":1,"href":"https:\/\/corrientesdetarde.com\/index.php\/wp-json\/wp\/v2\/posts\/229275\/revisions"}],"predecessor-version":[{"id":229276,"href":"https:\/\/corrientesdetarde.com\/index.php\/wp-json\/wp\/v2\/posts\/229275\/revisions\/229276"}],"wp:featuredmedia":[{"embeddable":true,"href":"https:\/\/corrientesdetarde.com\/index.php\/wp-json\/wp\/v2\/media\/183100"}],"wp:attachment":[{"href":"https:\/\/corrientesdetarde.com\/index.php\/wp-json\/wp\/v2\/media?parent=229275"}],"wp:term":[{"taxonomy":"category","embeddable":true,"href":"https:\/\/corrientesdetarde.com\/index.php\/wp-json\/wp\/v2\/categories?post=229275"},{"taxonomy":"post_tag","embeddable":true,"href":"https:\/\/corrientesdetarde.com\/index.php\/wp-json\/wp\/v2\/tags?post=229275"}],"curies":[{"name":"wp","href":"https:\/\/api.w.org\/{rel}","templated":true}]}}