{"id":229317,"date":"2025-09-30T12:55:54","date_gmt":"2025-09-30T15:55:54","guid":{"rendered":"https:\/\/corrientesdetarde.com\/?p=229317"},"modified":"2025-09-30T12:56:12","modified_gmt":"2025-09-30T15:56:12","slug":"clubes-de-adultos-mayores-la-fiesta-de-la-primavera-quedo-suspendida","status":"publish","type":"post","link":"https:\/\/corrientesdetarde.com\/index.php\/sociales\/clubes-de-adultos-mayores-la-fiesta-de-la-primavera-quedo-suspendida\/","title":{"rendered":"Clubes de Adultos Mayores: la Fiesta de la Primavera qued\u00f3 suspendida"},"content":{"rendered":"\n<p>Debido a las inclemencias clim\u00e1ticas, qued\u00f3 suspendida la Fiesta de la Primavera que deb\u00eda realizarse hoy, martes 30 de septiembre.<\/p>\n\n\n\n<p>Esta fiesta es organizada por el \u00c1rea de Adultos Mayores y ser\u00e1 reprogramada para el martes 7 de octubre, de 15 a 18, en la Casa Paraguaya (Av. Armenia 2927).<\/p>\n\n\n\n<p>Por tal motivo, se invita a compartir en la mencionada fecha, de una tarde agradable y festejar la llegada de la primavera.&nbsp;<\/p>\n","protected":false},"excerpt":{"rendered":"<p>Debido a las inclemencias clim\u00e1ticas, qued\u00f3 suspendida la Fiesta de la Primavera que deb\u00eda realizarse hoy, martes 30 de septiembre. Esta fiesta es organizada por el \u00c1rea de Adultos Mayores&hellip; <\/p>\n","protected":false},"author":8,"featured_media":229318,"comment_status":"closed","ping_status":"open","sticky":false,"template":"","format":"standard","meta":{"footnotes":""},"categories":[17],"tags":[],"class_list":["post-229317","post","type-post","status-publish","format-standard","has-post-thumbnail","hentry","category-sociales"],"_links":{"self":[{"href":"https:\/\/corrientesdetarde.com\/index.php\/wp-json\/wp\/v2\/posts\/229317","targetHints":{"allow":["GET"]}}],"collection":[{"href":"https:\/\/corrientesdetarde.com\/index.php\/wp-json\/wp\/v2\/posts"}],"about":[{"href":"https:\/\/corrientesdetarde.com\/index.php\/wp-json\/wp\/v2\/types\/post"}],"author":[{"embeddable":true,"href":"https:\/\/corrientesdetarde.com\/index.php\/wp-json\/wp\/v2\/users\/8"}],"replies":[{"embeddable":true,"href":"https:\/\/corrientesdetarde.com\/index.php\/wp-json\/wp\/v2\/comments?post=229317"}],"version-history":[{"count":1,"href":"https:\/\/corrientesdetarde.com\/index.php\/wp-json\/wp\/v2\/posts\/229317\/revisions"}],"predecessor-version":[{"id":229319,"href":"https:\/\/corrientesdetarde.com\/index.php\/wp-json\/wp\/v2\/posts\/229317\/revisions\/229319"}],"wp:featuredmedia":[{"embeddable":true,"href":"https:\/\/corrientesdetarde.com\/index.php\/wp-json\/wp\/v2\/media\/229318"}],"wp:attachment":[{"href":"https:\/\/corrientesdetarde.com\/index.php\/wp-json\/wp\/v2\/media?parent=229317"}],"wp:term":[{"taxonomy":"category","embeddable":true,"href":"https:\/\/corrientesdetarde.com\/index.php\/wp-json\/wp\/v2\/categories?post=229317"},{"taxonomy":"post_tag","embeddable":true,"href":"https:\/\/corrientesdetarde.com\/index.php\/wp-json\/wp\/v2\/tags?post=229317"}],"curies":[{"name":"wp","href":"https:\/\/api.w.org\/{rel}","templated":true}]}}