{"id":229419,"date":"2025-09-30T21:52:25","date_gmt":"2025-10-01T00:52:25","guid":{"rendered":"https:\/\/corrientesdetarde.com\/?p=229419"},"modified":"2025-09-30T21:52:37","modified_gmt":"2025-10-01T00:52:37","slug":"un-hombre-fue-asesinado-por-su-vecino-tras-una-discusion-barrial-en-corrientes","status":"publish","type":"post","link":"https:\/\/corrientesdetarde.com\/index.php\/policiales\/un-hombre-fue-asesinado-por-su-vecino-tras-una-discusion-barrial-en-corrientes\/","title":{"rendered":"Un hombre fue asesinado por su vecino tras una discusi\u00f3n barrial en Corrientes"},"content":{"rendered":"\n<p>El hecho de sangre se registr\u00f3 en zona del barrio Santa Mar\u00eda de esta Capital. La v\u00edctima ten\u00eda 23 a\u00f1os y tendr\u00eda un frondoso prontuario seg\u00fan se inform\u00f3.<\/p>\n\n\n\n<p>La Polic\u00eda investiga la muerte de un hombre, aparentemente tras recibir un disparo de arma de fuego, luego de mantener un altercado con un vecino. Ocurri\u00f3 en la siesta de este lunes 29.<\/p>\n\n\n\n<p>Efectivos policiales dependientes de la Comisaria S\u00e9ptima urbana en colaboraci\u00f3n con la Unidad Fiscal de Investigaci\u00f3n dieron inicio a actuaciones judiciales en relaci\u00f3n a un hecho ocurrido por calle Juan Manuel de Rosas al 1.500 aproximadamente, lugar donde un hombre mayor de edad -por causas que es materia de investigaci\u00f3n- result\u00f3 lesionado aparentemente con un disparo de arma de fuego en su humanidad luego de mantener alg\u00fan tipo de altercado con otro hombre, quien ser\u00eda su vecino, lo que produjo su posterior deceso. Siendo el presunto autor puesto a disposici\u00f3n de la justicia.<\/p>\n\n\n\n<p>Seg\u00fan la informaci\u00f3n inicial obtenida, el hecho se habr\u00eda registrado cerca de las 15:00 horas, aparentemente a ra\u00edz de alg\u00fan tipo de problema o inconveniente de vieja data, entre un hombre de apellido Mendoza -28- y Quintana -23- , y en un momento dado, tras el altercado, el ciudadano Mendoza habr\u00eda lesionado con un disparo de arma de fuego a Quintana; quien fue trasladado hasta el Hospital Vidal de esta ciudad, donde horas m\u00e1s tarde informaron que se produjo el deceso del mismo.<\/p>\n\n\n\n<p>Por el hecho, el supuesto autor fue aprehendido, puesto a disposici\u00f3n de la justicia y trasladado hasta la citada comisaria, a fin de continuar con las diligencias del caso.<\/p>\n\n\n\n<p>Seg\u00fan se inform\u00f3 desde la fuerza, el occiso ser\u00eda una persona con un frondoso prontuario. Era conocido con el alias &#8220;Morcilla&#8221;.<\/p>\n","protected":false},"excerpt":{"rendered":"<p>El hecho de sangre se registr\u00f3 en zona del barrio Santa Mar\u00eda de esta Capital. La v\u00edctima ten\u00eda 23 a\u00f1os y tendr\u00eda un frondoso prontuario seg\u00fan se inform\u00f3. La Polic\u00eda&hellip; <\/p>\n","protected":false},"author":4,"featured_media":229441,"comment_status":"closed","ping_status":"open","sticky":false,"template":"","format":"standard","meta":{"footnotes":""},"categories":[33],"tags":[],"class_list":["post-229419","post","type-post","status-publish","format-standard","has-post-thumbnail","hentry","category-policiales"],"_links":{"self":[{"href":"https:\/\/corrientesdetarde.com\/index.php\/wp-json\/wp\/v2\/posts\/229419","targetHints":{"allow":["GET"]}}],"collection":[{"href":"https:\/\/corrientesdetarde.com\/index.php\/wp-json\/wp\/v2\/posts"}],"about":[{"href":"https:\/\/corrientesdetarde.com\/index.php\/wp-json\/wp\/v2\/types\/post"}],"author":[{"embeddable":true,"href":"https:\/\/corrientesdetarde.com\/index.php\/wp-json\/wp\/v2\/users\/4"}],"replies":[{"embeddable":true,"href":"https:\/\/corrientesdetarde.com\/index.php\/wp-json\/wp\/v2\/comments?post=229419"}],"version-history":[{"count":1,"href":"https:\/\/corrientesdetarde.com\/index.php\/wp-json\/wp\/v2\/posts\/229419\/revisions"}],"predecessor-version":[{"id":229442,"href":"https:\/\/corrientesdetarde.com\/index.php\/wp-json\/wp\/v2\/posts\/229419\/revisions\/229442"}],"wp:featuredmedia":[{"embeddable":true,"href":"https:\/\/corrientesdetarde.com\/index.php\/wp-json\/wp\/v2\/media\/229441"}],"wp:attachment":[{"href":"https:\/\/corrientesdetarde.com\/index.php\/wp-json\/wp\/v2\/media?parent=229419"}],"wp:term":[{"taxonomy":"category","embeddable":true,"href":"https:\/\/corrientesdetarde.com\/index.php\/wp-json\/wp\/v2\/categories?post=229419"},{"taxonomy":"post_tag","embeddable":true,"href":"https:\/\/corrientesdetarde.com\/index.php\/wp-json\/wp\/v2\/tags?post=229419"}],"curies":[{"name":"wp","href":"https:\/\/api.w.org\/{rel}","templated":true}]}}