{"id":229617,"date":"2025-10-02T08:46:00","date_gmt":"2025-10-02T11:46:00","guid":{"rendered":"https:\/\/corrientesdetarde.com\/?p=229617"},"modified":"2025-10-02T08:46:32","modified_gmt":"2025-10-02T11:46:32","slug":"el-concejo-tiene-fecha-para-la-posible-aprobacion-del-aumento-del-boleto-en-corrientes","status":"publish","type":"post","link":"https:\/\/corrientesdetarde.com\/index.php\/informacion-general\/el-concejo-tiene-fecha-para-la-posible-aprobacion-del-aumento-del-boleto-en-corrientes\/","title":{"rendered":"El Concejo tiene fecha para la posible aprobaci\u00f3n del aumento del boleto en Corrientes"},"content":{"rendered":"\n<p>En las \u00faltimas semanas, el foco est\u00e1 puesto en el\u00a0<strong>aumento del boleto de colectivos en la ciudad de Corrientes.<\/strong>\u00a0E<strong>ste jueves ingresa al Concejo Deliberante el proyecto de incremento de la tarifa,<\/strong>\u00a0que ser\u00e1 girado a comisi\u00f3n para su an\u00e1lisis. Esta prevista que la\u00a0<strong>audiencia p\u00fablica se realice el pr\u00f3ximo\u00a08 de octubre<\/strong>, oportunidad en la que los vecinos podr\u00e1n expresar su postura antes de la votaci\u00f3n definitiva. De aprobarse, la sanci\u00f3n del nuevo cuadro tarifario\u00a0<strong>podr\u00eda darse el 16 de octubre,\u00a0<\/strong>una semana despu\u00e9s de la audiencia.<\/p>\n\n\n\n<p>El pasado viernes, el&nbsp;<strong>Sistema Integrado de Movilidad Urbana (Simu)<\/strong>&nbsp;llev\u00f3 a cabo una reuni\u00f3n clave en la que se evaluaron los n\u00fameros del transporte p\u00fablico. All\u00ed, el Ejecutivo Municipal present\u00f3 su propuesta de incremento del&nbsp;<strong>45%,<\/strong>&nbsp;lo que llevar\u00eda el boleto de los actuales valores a<strong>&nbsp;$1.895.<\/strong>&nbsp;<\/p>\n\n\n\n<p>Por su parte, el sector&nbsp;<strong>empresario&nbsp;<\/strong>plante\u00f3 un ajuste del&nbsp;<strong>73%<\/strong>, que elevar\u00eda el pasaje a&nbsp;<strong>$2.370<\/strong>, lo que posicionar\u00eda a Corrientes como la segunda ciudad del pa\u00eds con la tarifa m\u00e1s cara.<\/p>\n\n\n\n<p>En paralelo, el Concejo Deliberante realiz\u00f3 una sesi\u00f3n itinerante en el barrio Juan de Vera, donde se debati\u00f3 sobre el funcionamiento del servicio de transporte urbano<\/p>\n","protected":false},"excerpt":{"rendered":"<p>En las \u00faltimas semanas, el foco est\u00e1 puesto en el\u00a0aumento del boleto de colectivos en la ciudad de Corrientes.\u00a0Este jueves ingresa al Concejo Deliberante el proyecto de incremento de la&hellip; <\/p>\n","protected":false},"author":1,"featured_media":134085,"comment_status":"closed","ping_status":"open","sticky":false,"template":"","format":"standard","meta":{"footnotes":""},"categories":[1],"tags":[],"class_list":["post-229617","post","type-post","status-publish","format-standard","has-post-thumbnail","hentry","category-informacion-general"],"_links":{"self":[{"href":"https:\/\/corrientesdetarde.com\/index.php\/wp-json\/wp\/v2\/posts\/229617","targetHints":{"allow":["GET"]}}],"collection":[{"href":"https:\/\/corrientesdetarde.com\/index.php\/wp-json\/wp\/v2\/posts"}],"about":[{"href":"https:\/\/corrientesdetarde.com\/index.php\/wp-json\/wp\/v2\/types\/post"}],"author":[{"embeddable":true,"href":"https:\/\/corrientesdetarde.com\/index.php\/wp-json\/wp\/v2\/users\/1"}],"replies":[{"embeddable":true,"href":"https:\/\/corrientesdetarde.com\/index.php\/wp-json\/wp\/v2\/comments?post=229617"}],"version-history":[{"count":1,"href":"https:\/\/corrientesdetarde.com\/index.php\/wp-json\/wp\/v2\/posts\/229617\/revisions"}],"predecessor-version":[{"id":229625,"href":"https:\/\/corrientesdetarde.com\/index.php\/wp-json\/wp\/v2\/posts\/229617\/revisions\/229625"}],"wp:featuredmedia":[{"embeddable":true,"href":"https:\/\/corrientesdetarde.com\/index.php\/wp-json\/wp\/v2\/media\/134085"}],"wp:attachment":[{"href":"https:\/\/corrientesdetarde.com\/index.php\/wp-json\/wp\/v2\/media?parent=229617"}],"wp:term":[{"taxonomy":"category","embeddable":true,"href":"https:\/\/corrientesdetarde.com\/index.php\/wp-json\/wp\/v2\/categories?post=229617"},{"taxonomy":"post_tag","embeddable":true,"href":"https:\/\/corrientesdetarde.com\/index.php\/wp-json\/wp\/v2\/tags?post=229617"}],"curies":[{"name":"wp","href":"https:\/\/api.w.org\/{rel}","templated":true}]}}