{"id":229659,"date":"2025-10-02T13:41:46","date_gmt":"2025-10-02T16:41:46","guid":{"rendered":"https:\/\/corrientesdetarde.com\/?p=229659"},"modified":"2025-10-02T13:41:52","modified_gmt":"2025-10-02T16:41:52","slug":"se-viene-con-todo-el-7-abuelazo-bellavistense","status":"publish","type":"post","link":"https:\/\/corrientesdetarde.com\/index.php\/sociales\/se-viene-con-todo-el-7-abuelazo-bellavistense\/","title":{"rendered":"Se viene con todo el \u201c7\u00b0 Abuelazo\u201d bellavistense"},"content":{"rendered":"\n<p>En el Sal\u00f3n Verde de Casa de Gobierno se realiz\u00f3 el lanzamiento oficial del \u201c7\u00ba Abuelazo\u201d, que tendr\u00e1 lugar el 12 de octubre en el estadio Ciudad de Bella Vista organizada por la Asociaci\u00f3n &#8220;Juventudes Acumuladas&#8221; de dicha localidad, con el apoyo del Ministerio de Desarrollo Social. El evento busca promover la recreaci\u00f3n y el bienestar f\u00edsico y emocional de los adultos mayores de la provincia. Acudir\u00e1n grupos de la mencionada comuna, Goya, Esquina y zonas aleda\u00f1as.<\/p>\n\n\n\n<p>Con estas acciones se prioriza el bienestar y la recreaci\u00f3n de los adultos mayores, ya que son parte primordial de la provincia y su bienestar f\u00edsico y emocional es fundamental para la calidad de vida de cada uno.<\/p>\n\n\n\n<p>En la oportunidad se puso de relieve que octubre es el mes de las personas de edad con lo cual, este tipo de espacios de recreaci\u00f3n apuntan a celebrar la longevidad, la vida y la amistad. A su vez, esta nueva edici\u00f3n del \u201cAbuelazo\u201d fue declarada de Inter\u00e9s Provincial y Municipal.<\/p>\n\n\n\n<p><strong>Estrecha colaboraci\u00f3n en la organizaci\u00f3n<\/strong><\/p>\n\n\n\n<p>Nelly Pintos, coordinadora de Adultos Mayores de la Provincia, expres\u00f3 su saludo en nombre del ministro Ad\u00e1n Gaya, quien no pudo asistir por cuestiones de agenda, pero apoy\u00f3 el evento. Destac\u00f3 la importancia del s\u00e9ptimo encuentro que se llevar\u00e1 a cabo en la ciudad de Bella Vista, agradeciendo el esfuerzo log\u00edstico que implica la organizaci\u00f3n. \u201cS\u00e9 del aporte del trabajo que mueven\u201d, coment\u00f3 Pintos.<\/p>\n\n\n\n<p>Agradeci\u00f3 tambi\u00e9n el apoyo de la Municipalidad, reconociendo la colaboraci\u00f3n constante de la intendenta y su equipo. \u201cSiempre est\u00e1n para cada uno de nosotros\u201d, se\u00f1al\u00f3, refiri\u00e9ndose a la estrecha colaboraci\u00f3n en la organizaci\u00f3n.<\/p>\n\n\n\n<p>Adem\u00e1s, mencion\u00f3 la idea de organizar un baile en conjunto con la municipalidad, destacando el valor de este evento para los clubes locales.<\/p>\n\n\n\n<p><strong>Secretario de Turismo bellavistense<\/strong><\/p>\n\n\n\n<p>Gaston Pintos, secretario de Turismo de Bella Vista destac\u00f3 que el &#8220;Abuelazo&#8221; es un evento clave dentro del calendario tur\u00edstico de la localidad, que a\u00f1o a a\u00f1o sigue creciendo. Mencion\u00f3 la necesidad de extender la celebraci\u00f3n a dos d\u00edas y seguir el ejemplo de otras provincias para potenciar la experiencia. Subray\u00f3 el valor humano de la ciudad, que contribuye al \u00e9xito del evento.<\/p>\n\n\n\n<p>Pintos destac\u00f3 la importancia de que los visitantes disfruten de la ciudad m\u00e1s all\u00e1 del evento, promoviendo la idea de que los abuelos se queden a pasar una noche y disfruten m\u00e1s de Bella Vista. Tambi\u00e9n mencion\u00f3 que, a pesar de los desaf\u00edos econ\u00f3micos, el evento sigue siendo un esfuerzo valioso, ya que m\u00e1s de 500 abuelos participan cada a\u00f1o, y este 2025 esperan superar las expectativas.<\/p>\n\n\n\n<p><strong>Presencias<\/strong><\/p>\n\n\n\n<p>Asistieron, adem\u00e1s, al lanzamiento, la secretaria de Desarrollo Humano de dicha comuna, Malena Luxen, la presidenta de la Asociaci\u00f3n \u201cJuventudes Acumuladas\u201d de Bella Vista, Elvira Aguirre y la coordinadora del evento, Elsa Lanser.<\/p>\n\n\n\n<p><strong>Programa \u2013 12 de octubre<\/strong><\/p>\n\n\n\n<p>9: Recepci\u00f3n de delegaciones.<\/p>\n\n\n\n<p>10: Himno Nacional Argentino. Himno a Bella Vista. Palabras de la presidente, Elvira Aguirre. Invocaci\u00f3n religiosa.<\/p>\n\n\n\n<p>11: Presentaci\u00f3n de talentos.<\/p>\n\n\n\n<p>15: Entrega de premios al mejor talento.<\/p>\n\n\n\n<p>16: Segunda pasada de reinas.<\/p>\n\n\n\n<p>16.30: Momento musical bailable.<\/p>\n\n\n\n<p>17: Coronaci\u00f3n de reina.<\/p>\n\n\n\n<p>18: Bingo.<\/p>\n\n\n\n<p>Horario estimado de finalizaci\u00f3n: 22.<\/p>\n\n\n\n<figure class=\"wp-block-image size-large\"><img loading=\"lazy\" decoding=\"async\" width=\"1024\" height=\"630\" src=\"https:\/\/corrientesdetarde.com\/wp-content\/uploads\/2025\/10\/image-40-1024x630.png\" alt=\"\" class=\"wp-image-229660\" srcset=\"https:\/\/corrientesdetarde.com\/wp-content\/uploads\/2025\/10\/image-40-1024x630.png 1024w, https:\/\/corrientesdetarde.com\/wp-content\/uploads\/2025\/10\/image-40-300x185.png 300w, https:\/\/corrientesdetarde.com\/wp-content\/uploads\/2025\/10\/image-40-768x473.png 768w, https:\/\/corrientesdetarde.com\/wp-content\/uploads\/2025\/10\/image-40-1536x946.png 1536w, https:\/\/corrientesdetarde.com\/wp-content\/uploads\/2025\/10\/image-40.png 1600w\" sizes=\"auto, (max-width: 1024px) 100vw, 1024px\" \/><\/figure>\n\n\n\n<figure class=\"wp-block-image size-large\"><img loading=\"lazy\" decoding=\"async\" width=\"1024\" height=\"682\" src=\"https:\/\/corrientesdetarde.com\/wp-content\/uploads\/2025\/10\/image-41-1024x682.png\" alt=\"\" class=\"wp-image-229661\" srcset=\"https:\/\/corrientesdetarde.com\/wp-content\/uploads\/2025\/10\/image-41-1024x682.png 1024w, https:\/\/corrientesdetarde.com\/wp-content\/uploads\/2025\/10\/image-41-300x200.png 300w, https:\/\/corrientesdetarde.com\/wp-content\/uploads\/2025\/10\/image-41-768x512.png 768w, https:\/\/corrientesdetarde.com\/wp-content\/uploads\/2025\/10\/image-41-1536x1023.png 1536w, https:\/\/corrientesdetarde.com\/wp-content\/uploads\/2025\/10\/image-41.png 1600w\" sizes=\"auto, (max-width: 1024px) 100vw, 1024px\" \/><\/figure>\n\n\n\n<figure class=\"wp-block-image size-large\"><img loading=\"lazy\" decoding=\"async\" width=\"1024\" height=\"623\" src=\"https:\/\/corrientesdetarde.com\/wp-content\/uploads\/2025\/10\/image-42-1024x623.png\" alt=\"\" class=\"wp-image-229662\" srcset=\"https:\/\/corrientesdetarde.com\/wp-content\/uploads\/2025\/10\/image-42-1024x623.png 1024w, https:\/\/corrientesdetarde.com\/wp-content\/uploads\/2025\/10\/image-42-300x182.png 300w, https:\/\/corrientesdetarde.com\/wp-content\/uploads\/2025\/10\/image-42-768x467.png 768w, https:\/\/corrientesdetarde.com\/wp-content\/uploads\/2025\/10\/image-42-1536x934.png 1536w, https:\/\/corrientesdetarde.com\/wp-content\/uploads\/2025\/10\/image-42.png 1600w\" sizes=\"auto, (max-width: 1024px) 100vw, 1024px\" \/><\/figure>\n\n\n\n<figure class=\"wp-block-image size-large\"><img loading=\"lazy\" decoding=\"async\" width=\"1024\" height=\"682\" src=\"https:\/\/corrientesdetarde.com\/wp-content\/uploads\/2025\/10\/image-43-1024x682.png\" alt=\"\" class=\"wp-image-229663\" srcset=\"https:\/\/corrientesdetarde.com\/wp-content\/uploads\/2025\/10\/image-43-1024x682.png 1024w, https:\/\/corrientesdetarde.com\/wp-content\/uploads\/2025\/10\/image-43-300x200.png 300w, https:\/\/corrientesdetarde.com\/wp-content\/uploads\/2025\/10\/image-43-768x512.png 768w, https:\/\/corrientesdetarde.com\/wp-content\/uploads\/2025\/10\/image-43-1536x1023.png 1536w, https:\/\/corrientesdetarde.com\/wp-content\/uploads\/2025\/10\/image-43.png 1600w\" sizes=\"auto, (max-width: 1024px) 100vw, 1024px\" \/><\/figure>\n\n\n\n<figure class=\"wp-block-image size-large\"><img loading=\"lazy\" decoding=\"async\" width=\"1024\" height=\"682\" src=\"https:\/\/corrientesdetarde.com\/wp-content\/uploads\/2025\/10\/image-44-1024x682.png\" alt=\"\" class=\"wp-image-229664\" srcset=\"https:\/\/corrientesdetarde.com\/wp-content\/uploads\/2025\/10\/image-44-1024x682.png 1024w, https:\/\/corrientesdetarde.com\/wp-content\/uploads\/2025\/10\/image-44-300x200.png 300w, https:\/\/corrientesdetarde.com\/wp-content\/uploads\/2025\/10\/image-44-768x512.png 768w, https:\/\/corrientesdetarde.com\/wp-content\/uploads\/2025\/10\/image-44-1536x1023.png 1536w, https:\/\/corrientesdetarde.com\/wp-content\/uploads\/2025\/10\/image-44.png 1600w\" sizes=\"auto, (max-width: 1024px) 100vw, 1024px\" \/><\/figure>\n\n\n\n<figure class=\"wp-block-image size-large\"><img loading=\"lazy\" decoding=\"async\" width=\"1024\" height=\"682\" src=\"https:\/\/corrientesdetarde.com\/wp-content\/uploads\/2025\/10\/image-45-1024x682.png\" alt=\"\" class=\"wp-image-229665\" srcset=\"https:\/\/corrientesdetarde.com\/wp-content\/uploads\/2025\/10\/image-45-1024x682.png 1024w, https:\/\/corrientesdetarde.com\/wp-content\/uploads\/2025\/10\/image-45-300x200.png 300w, https:\/\/corrientesdetarde.com\/wp-content\/uploads\/2025\/10\/image-45-768x512.png 768w, https:\/\/corrientesdetarde.com\/wp-content\/uploads\/2025\/10\/image-45-1536x1023.png 1536w, https:\/\/corrientesdetarde.com\/wp-content\/uploads\/2025\/10\/image-45.png 1600w\" sizes=\"auto, (max-width: 1024px) 100vw, 1024px\" \/><\/figure>\n\n\n\n<figure class=\"wp-block-image size-large\"><img loading=\"lazy\" decoding=\"async\" width=\"1024\" height=\"682\" src=\"https:\/\/corrientesdetarde.com\/wp-content\/uploads\/2025\/10\/image-46-1024x682.png\" alt=\"\" class=\"wp-image-229666\" srcset=\"https:\/\/corrientesdetarde.com\/wp-content\/uploads\/2025\/10\/image-46-1024x682.png 1024w, https:\/\/corrientesdetarde.com\/wp-content\/uploads\/2025\/10\/image-46-300x200.png 300w, https:\/\/corrientesdetarde.com\/wp-content\/uploads\/2025\/10\/image-46-768x512.png 768w, https:\/\/corrientesdetarde.com\/wp-content\/uploads\/2025\/10\/image-46-1536x1023.png 1536w, https:\/\/corrientesdetarde.com\/wp-content\/uploads\/2025\/10\/image-46.png 1600w\" sizes=\"auto, (max-width: 1024px) 100vw, 1024px\" \/><\/figure>\n\n\n\n<figure class=\"wp-block-image size-large\"><img loading=\"lazy\" decoding=\"async\" width=\"1024\" height=\"682\" src=\"https:\/\/corrientesdetarde.com\/wp-content\/uploads\/2025\/10\/image-47-1024x682.png\" alt=\"\" class=\"wp-image-229667\" srcset=\"https:\/\/corrientesdetarde.com\/wp-content\/uploads\/2025\/10\/image-47-1024x682.png 1024w, https:\/\/corrientesdetarde.com\/wp-content\/uploads\/2025\/10\/image-47-300x200.png 300w, https:\/\/corrientesdetarde.com\/wp-content\/uploads\/2025\/10\/image-47-768x512.png 768w, https:\/\/corrientesdetarde.com\/wp-content\/uploads\/2025\/10\/image-47-1536x1023.png 1536w, https:\/\/corrientesdetarde.com\/wp-content\/uploads\/2025\/10\/image-47.png 1600w\" sizes=\"auto, (max-width: 1024px) 100vw, 1024px\" \/><\/figure>\n","protected":false},"excerpt":{"rendered":"<p>En el Sal\u00f3n Verde de Casa de Gobierno se realiz\u00f3 el lanzamiento oficial del \u201c7\u00ba Abuelazo\u201d, que tendr\u00e1 lugar el 12 de octubre en el estadio Ciudad de Bella Vista&hellip; <\/p>\n","protected":false},"author":8,"featured_media":229666,"comment_status":"closed","ping_status":"open","sticky":false,"template":"","format":"standard","meta":{"footnotes":""},"categories":[17],"tags":[],"class_list":["post-229659","post","type-post","status-publish","format-standard","has-post-thumbnail","hentry","category-sociales"],"_links":{"self":[{"href":"https:\/\/corrientesdetarde.com\/index.php\/wp-json\/wp\/v2\/posts\/229659","targetHints":{"allow":["GET"]}}],"collection":[{"href":"https:\/\/corrientesdetarde.com\/index.php\/wp-json\/wp\/v2\/posts"}],"about":[{"href":"https:\/\/corrientesdetarde.com\/index.php\/wp-json\/wp\/v2\/types\/post"}],"author":[{"embeddable":true,"href":"https:\/\/corrientesdetarde.com\/index.php\/wp-json\/wp\/v2\/users\/8"}],"replies":[{"embeddable":true,"href":"https:\/\/corrientesdetarde.com\/index.php\/wp-json\/wp\/v2\/comments?post=229659"}],"version-history":[{"count":1,"href":"https:\/\/corrientesdetarde.com\/index.php\/wp-json\/wp\/v2\/posts\/229659\/revisions"}],"predecessor-version":[{"id":229668,"href":"https:\/\/corrientesdetarde.com\/index.php\/wp-json\/wp\/v2\/posts\/229659\/revisions\/229668"}],"wp:featuredmedia":[{"embeddable":true,"href":"https:\/\/corrientesdetarde.com\/index.php\/wp-json\/wp\/v2\/media\/229666"}],"wp:attachment":[{"href":"https:\/\/corrientesdetarde.com\/index.php\/wp-json\/wp\/v2\/media?parent=229659"}],"wp:term":[{"taxonomy":"category","embeddable":true,"href":"https:\/\/corrientesdetarde.com\/index.php\/wp-json\/wp\/v2\/categories?post=229659"},{"taxonomy":"post_tag","embeddable":true,"href":"https:\/\/corrientesdetarde.com\/index.php\/wp-json\/wp\/v2\/tags?post=229659"}],"curies":[{"name":"wp","href":"https:\/\/api.w.org\/{rel}","templated":true}]}}