{"id":229669,"date":"2025-10-02T13:46:56","date_gmt":"2025-10-02T16:46:56","guid":{"rendered":"https:\/\/corrientesdetarde.com\/?p=229669"},"modified":"2025-10-02T13:47:04","modified_gmt":"2025-10-02T16:47:04","slug":"la-afa-reforzo-su-presencia-en-la-fifa-con-ocho-cargos-en-el-consejo-directivo-y-marco-un-nuevo-record","status":"publish","type":"post","link":"https:\/\/corrientesdetarde.com\/index.php\/deportes\/la-afa-reforzo-su-presencia-en-la-fifa-con-ocho-cargos-en-el-consejo-directivo-y-marco-un-nuevo-record\/","title":{"rendered":"La AFA reforz\u00f3 su presencia en la FIFA con ocho cargos en el Consejo Directivo y marc\u00f3 un nuevo r\u00e9cord"},"content":{"rendered":"\n<p>El f\u00fatbol argentino logr\u00f3 as\u00ed la m\u00e1xima representaci\u00f3n de su historia dentro del ente rector con sede en Z\u00farich.<\/p>\n\n\n\n<p>El Consejo de la&nbsp;<strong>FIFA&nbsp;<\/strong>se reuni\u00f3 este jueves en Z\u00farich para tratar diferentes tem\u00e1ticas y, en ese contexto, se designaron nuevos cargos en diferentes comisiones en las que la Asociaci\u00f3n del F\u00fatbol Argentino (AFA) qued\u00f3 como parte de su nueva constituci\u00f3n.<\/p>\n\n\n\n<p>En concreto, la entidad presidida por Claudio Tapia recibi\u00f3 ocho nombramientos que establecen un nuevo r\u00e9cord de representaci\u00f3n en el m\u00e1ximo ente rector del f\u00fatbol mundial.<\/p>\n\n\n\n<figure class=\"wp-block-image\"><img decoding=\"async\" src=\"https:\/\/tn.com.ar\/resizer\/v2\/gianni-infantino-presidente-de-fifa-fotoreuters-4IBT4FCCDFPBLLUEXYJEYJ2XDA.jpg?auth=e9d9aa5561648ff1666ebd9f7c9c4ea949bfe44fe37fd3d0d2ed29637bd651c2&amp;width=767\" alt=\"Gianni Infantino presidente de FIFA (Foto:Reuters)\"\/><\/figure>\n\n\n\n<p>El propio&nbsp;<strong>Tapia<\/strong>&nbsp;fue uno de los argentinos que recibi\u00f3 ese reconocimiento, al ocupar un lugar superior dentro de la&nbsp;<strong>Comisi\u00f3n de Reglamento.<\/strong><\/p>\n\n\n\n<p>Tambi\u00e9n se destac\u00f3 la designaci\u00f3n de Federico Beligoy, director nacional de Arbitraje en AFA, como integrante del cuerpo colegiado de la FIFA.<\/p>\n\n\n\n<p>En la reuni\u00f3n del Consejo, tambi\u00e9n se discutieron temas como<strong>&nbsp;la posible expansi\u00f3n del Mundial 2030 a 64 equipos&nbsp;<\/strong>y se abord\u00f3 la situaci\u00f3n de los<strong>&nbsp;clubes israel\u00edes en competiciones europeas<\/strong>, un tema que genera tensiones debido a la presi\u00f3n de Palestina.<\/p>\n\n\n\n<figure class=\"wp-block-image\"><img decoding=\"async\" src=\"https:\/\/tn.com.ar\/resizer\/v2\/afa-logro-8-recibio-los-nombramientos-en-cargos-de-fifa-foto-x-tapiachiqui-LSOVGI3JGFAVRNDAJL44T3GZNU.jfif?auth=b5a97057595b63010b2ea9ef02b44cb7bfbfcd339cf1cf32f49c2172be088328&amp;width=767\" alt=\"AFA logr\u00f3 8 recibi\u00f3 los nombramientos en cargos de FIFA (foto: X @tapiachiqui\"\/><\/figure>\n\n\n\n<h2 class=\"wp-block-heading\"><strong>Los argentinos que ganaron su lugar en FIFA<\/strong><\/h2>\n\n\n\n<ul class=\"wp-block-list\">\n<li><strong>Claudio Tapia:\u00a0<\/strong>Comisi\u00f3n de Reglamento<\/li>\n\n\n\n<li><strong>Javier M\u00e9ndez Cartier:\u00a0<\/strong>Comisi\u00f3n de Futsal. Actual presidente de Excursionistas, fue vocal en AFA y defendi\u00f3 en el Senad la problematica de los sitios de apuestas como sponsors.<\/li>\n\n\n\n<li><strong>Donato Villani:\u00a0<\/strong>Comisi\u00f3n de Medicina. Actual m\u00e9dico de AFA.<\/li>\n\n\n\n<li><strong>Pablo V\u00e1zquez:\u00a0<\/strong>Comisi\u00f3n de Estadios y Seguridad.<\/li>\n\n\n\n<li><strong>Luciano Nakis:\u00a0<\/strong>Comisi\u00f3n de Competiciones Masculinas de Selecciones. Actual presidente de Armenio.<\/li>\n\n\n\n<li><strong>Cristian Malaspina:\u00a0<\/strong>Comisi\u00f3n de Asesor\u00eda Comercial y de Marketing. Actual secretario general de la AFA y presidente de Argentinos.<\/li>\n\n\n\n<li><strong>Federico Beligoy:\u00a0<\/strong>Comisi\u00f3n de \u00c1rbitros. Actual director nacional de arbitraje de la AFA<\/li>\n\n\n\n<li><strong>Mar\u00eda Sylvia Jim\u00e9nez:\u00a0<\/strong>Comisi\u00f3n de Grupos de Inter\u00e9s del F\u00fatbol Femenino. Actual integrante de la Liga Catamarque\u00f1a y es vocal de la AFA.<\/li>\n<\/ul>\n","protected":false},"excerpt":{"rendered":"<p>El f\u00fatbol argentino logr\u00f3 as\u00ed la m\u00e1xima representaci\u00f3n de su historia dentro del ente rector con sede en Z\u00farich. El Consejo de la&nbsp;FIFA&nbsp;se reuni\u00f3 este jueves en Z\u00farich para tratar&hellip; <\/p>\n","protected":false},"author":8,"featured_media":229670,"comment_status":"closed","ping_status":"open","sticky":false,"template":"","format":"standard","meta":{"footnotes":""},"categories":[4],"tags":[],"class_list":["post-229669","post","type-post","status-publish","format-standard","has-post-thumbnail","hentry","category-deportes"],"_links":{"self":[{"href":"https:\/\/corrientesdetarde.com\/index.php\/wp-json\/wp\/v2\/posts\/229669","targetHints":{"allow":["GET"]}}],"collection":[{"href":"https:\/\/corrientesdetarde.com\/index.php\/wp-json\/wp\/v2\/posts"}],"about":[{"href":"https:\/\/corrientesdetarde.com\/index.php\/wp-json\/wp\/v2\/types\/post"}],"author":[{"embeddable":true,"href":"https:\/\/corrientesdetarde.com\/index.php\/wp-json\/wp\/v2\/users\/8"}],"replies":[{"embeddable":true,"href":"https:\/\/corrientesdetarde.com\/index.php\/wp-json\/wp\/v2\/comments?post=229669"}],"version-history":[{"count":1,"href":"https:\/\/corrientesdetarde.com\/index.php\/wp-json\/wp\/v2\/posts\/229669\/revisions"}],"predecessor-version":[{"id":229671,"href":"https:\/\/corrientesdetarde.com\/index.php\/wp-json\/wp\/v2\/posts\/229669\/revisions\/229671"}],"wp:featuredmedia":[{"embeddable":true,"href":"https:\/\/corrientesdetarde.com\/index.php\/wp-json\/wp\/v2\/media\/229670"}],"wp:attachment":[{"href":"https:\/\/corrientesdetarde.com\/index.php\/wp-json\/wp\/v2\/media?parent=229669"}],"wp:term":[{"taxonomy":"category","embeddable":true,"href":"https:\/\/corrientesdetarde.com\/index.php\/wp-json\/wp\/v2\/categories?post=229669"},{"taxonomy":"post_tag","embeddable":true,"href":"https:\/\/corrientesdetarde.com\/index.php\/wp-json\/wp\/v2\/tags?post=229669"}],"curies":[{"name":"wp","href":"https:\/\/api.w.org\/{rel}","templated":true}]}}