{"id":230098,"date":"2025-10-05T23:19:57","date_gmt":"2025-10-06T02:19:57","guid":{"rendered":"https:\/\/corrientesdetarde.com\/?p=230098"},"modified":"2025-10-05T23:20:09","modified_gmt":"2025-10-06T02:20:09","slug":"un-pediatra-fue-detenido-acusado-de-abusar-de-una-menor-en-corrientes","status":"publish","type":"post","link":"https:\/\/corrientesdetarde.com\/index.php\/policiales\/un-pediatra-fue-detenido-acusado-de-abusar-de-una-menor-en-corrientes\/","title":{"rendered":"Un pediatra fue detenido acusado de abusar de una menor en Corrientes"},"content":{"rendered":"\n<p>El m\u00e9dico, reconocido en la localidad correntina de Virasoro, fue denunciado por un familiar de la v\u00edctima, que habr\u00eda presenciado el hecho. La Justicia lo imput\u00f3 por abuso sexual agravado pero dispuso que cumpla arresto domiciliario.<\/p>\n\n\n\n<p>Un reconocido pediatra de Gobernador Virasoro, identificado como Guillermo A., fue detenido el lunes por la noche tras ser denunciado por el presunto abuso sexual de una ni\u00f1a de 12 a\u00f1os.<\/p>\n\n\n\n<p>De acuerdo con la informaci\u00f3n publicada por medios locales, un familiar de la v\u00edctima habr\u00eda sorprendido al acusado en el momento en que se produc\u00eda el ataque. La denuncia deriv\u00f3 en su inmediata detenci\u00f3n y traslado a la Comisar\u00eda Primera de la ciudad.<\/p>\n\n\n\n<p>Sin embargo, por disposici\u00f3n del juez Alfredo Behr, el m\u00e9dico recibi\u00f3 este viernes el beneficio de la prisi\u00f3n domiciliaria, medida que gener\u00f3 fuerte repercusi\u00f3n en la comunidad.<\/p>\n\n\n\n<p>Seg\u00fan trascendi\u00f3, los abusos se habr\u00edan extendido durante m\u00e1s de dos a\u00f1os. La causa fue caratulada como &#8220;abuso sexual con acceso carnal agravado&#8221; y permanece en etapa de investigaci\u00f3n bajo la intervenci\u00f3n del Ministerio P\u00fablico Fiscal.<\/p>\n","protected":false},"excerpt":{"rendered":"<p>El m\u00e9dico, reconocido en la localidad correntina de Virasoro, fue denunciado por un familiar de la v\u00edctima, que habr\u00eda presenciado el hecho. La Justicia lo imput\u00f3 por abuso sexual agravado&hellip; <\/p>\n","protected":false},"author":4,"featured_media":230099,"comment_status":"closed","ping_status":"open","sticky":false,"template":"","format":"standard","meta":{"footnotes":""},"categories":[33],"tags":[],"class_list":["post-230098","post","type-post","status-publish","format-standard","has-post-thumbnail","hentry","category-policiales"],"_links":{"self":[{"href":"https:\/\/corrientesdetarde.com\/index.php\/wp-json\/wp\/v2\/posts\/230098","targetHints":{"allow":["GET"]}}],"collection":[{"href":"https:\/\/corrientesdetarde.com\/index.php\/wp-json\/wp\/v2\/posts"}],"about":[{"href":"https:\/\/corrientesdetarde.com\/index.php\/wp-json\/wp\/v2\/types\/post"}],"author":[{"embeddable":true,"href":"https:\/\/corrientesdetarde.com\/index.php\/wp-json\/wp\/v2\/users\/4"}],"replies":[{"embeddable":true,"href":"https:\/\/corrientesdetarde.com\/index.php\/wp-json\/wp\/v2\/comments?post=230098"}],"version-history":[{"count":1,"href":"https:\/\/corrientesdetarde.com\/index.php\/wp-json\/wp\/v2\/posts\/230098\/revisions"}],"predecessor-version":[{"id":230100,"href":"https:\/\/corrientesdetarde.com\/index.php\/wp-json\/wp\/v2\/posts\/230098\/revisions\/230100"}],"wp:featuredmedia":[{"embeddable":true,"href":"https:\/\/corrientesdetarde.com\/index.php\/wp-json\/wp\/v2\/media\/230099"}],"wp:attachment":[{"href":"https:\/\/corrientesdetarde.com\/index.php\/wp-json\/wp\/v2\/media?parent=230098"}],"wp:term":[{"taxonomy":"category","embeddable":true,"href":"https:\/\/corrientesdetarde.com\/index.php\/wp-json\/wp\/v2\/categories?post=230098"},{"taxonomy":"post_tag","embeddable":true,"href":"https:\/\/corrientesdetarde.com\/index.php\/wp-json\/wp\/v2\/tags?post=230098"}],"curies":[{"name":"wp","href":"https:\/\/api.w.org\/{rel}","templated":true}]}}