{"id":230107,"date":"2025-10-05T23:25:54","date_gmt":"2025-10-06T02:25:54","guid":{"rendered":"https:\/\/corrientesdetarde.com\/?p=230107"},"modified":"2025-10-05T23:26:01","modified_gmt":"2025-10-06T02:26:01","slug":"senegal-el-lago-retba-vuelve-a-ser-rosa","status":"publish","type":"post","link":"https:\/\/corrientesdetarde.com\/index.php\/internacionales\/senegal-el-lago-retba-vuelve-a-ser-rosa\/","title":{"rendered":"Senegal: el lago Retba vuelve a ser rosa"},"content":{"rendered":"\n<h2 class=\"wp-block-heading\">ES gracias al crecimiento de algas saladas, afirman investigadores.<\/h2>\n\n\n\n<p><strong>El lago Retba de Senegal,<\/strong>&nbsp;que perdi\u00f3 su color distintivo debido a las inundaciones de 2022,&nbsp;<strong>recuper\u00f3 su caracter\u00edstico tono rosado,&nbsp;<\/strong>un fen\u00f3meno estrechamente relacionado con la proliferaci\u00f3n de algas salinas, seg\u00fan informaron&nbsp; investigadores de la Universidad Cheikh Anta Diop de Dakar.<\/p>\n\n\n\n<p><strong>El lago, conocido como \u201cLago Rosa\u201d<\/strong>, es una importante atracci\u00f3n tur\u00edstica en Senegal, indica un informe de la agencia de noticias Xinhua.<\/p>\n\n\n\n<p>Ubicado al norte de la capital,&nbsp;<strong>Dakar<\/strong>, se ti\u00f1e de rosa en ciertas&nbsp; estaciones y bajo condiciones espec\u00edficas de luz solar debido a la actividad de microorganismos hal\u00f3filos en sus aguas.<\/p>\n\n\n\n<p>Sin embargo, desde finales de 2022,<strong>&nbsp;lluvias inusualmente intensas provocaron inundaciones que alteraron el ecosistema del lago,&nbsp;<\/strong>causando la decoloraci\u00f3n de sus aguas y afectando a los residentes locales que dependen del turismo y las actividades comerciales&nbsp; conexas.<\/p>\n\n\n\n<p>La Universidad Cheikh Anta Diop, en una publicaci\u00f3n publicada el domingo en redes sociales, indic\u00f3 que su estudio&nbsp;<em><strong>\u201cconcluye que el regreso del color rosado del lago se debe a la reproducci\u00f3n masiva de algas salinas en condiciones t\u00edpicas de la estaci\u00f3n seca, con alta salinidad y temperatura\u201d.<\/strong><\/em><\/p>\n\n\n\n<p>El Hadji Sow, investigador de la universidad con amplia experiencia en el estudio de los ecosistemas lacustres, explic\u00f3 que&nbsp;<strong>los cambios en el color del lago est\u00e1n estrechamente relacionados con la salinidad del agua: cuando la salinidad disminuye, predominan las algas verdes y el agua se vuelve verde; cuando la salinidad aumenta, proliferan las algas saladas y sus pigmentos rojos transforman el lago en rosa o rojo.<\/strong><\/p>\n\n\n\n<p>Con el regreso de las&nbsp;<strong>aguas rosadas<\/strong>&nbsp;del lago Retba, el turismo local y las actividades comerciales se est\u00e1n recuperando gradualmente.<\/p>\n\n\n\n<p>Sin embargo, los investigadores advirtieron que<strong>&nbsp;el ecosistema del lago sigue siendo fr\u00e1gil,<\/strong>&nbsp;y algunos residentes expresaron su preocupaci\u00f3n por la r\u00e1pida urbanizaci\u00f3n y la posible contaminaci\u00f3ndel agua en las zonas circundantes, que podr\u00edan afectar la calidad del agua y las comunidades microbianas. Las autoridades ecol\u00f3gicas de Senegal instaron a reducir el&nbsp; impacto humano para preservar los ciclos naturales del lago.<\/p>\n","protected":false},"excerpt":{"rendered":"<p>ES gracias al crecimiento de algas saladas, afirman investigadores. El lago Retba de Senegal,&nbsp;que perdi\u00f3 su color distintivo debido a las inundaciones de 2022,&nbsp;recuper\u00f3 su caracter\u00edstico tono rosado,&nbsp;un fen\u00f3meno estrechamente&hellip; <\/p>\n","protected":false},"author":4,"featured_media":230108,"comment_status":"closed","ping_status":"open","sticky":false,"template":"","format":"standard","meta":{"footnotes":""},"categories":[11],"tags":[],"class_list":["post-230107","post","type-post","status-publish","format-standard","has-post-thumbnail","hentry","category-internacionales"],"_links":{"self":[{"href":"https:\/\/corrientesdetarde.com\/index.php\/wp-json\/wp\/v2\/posts\/230107","targetHints":{"allow":["GET"]}}],"collection":[{"href":"https:\/\/corrientesdetarde.com\/index.php\/wp-json\/wp\/v2\/posts"}],"about":[{"href":"https:\/\/corrientesdetarde.com\/index.php\/wp-json\/wp\/v2\/types\/post"}],"author":[{"embeddable":true,"href":"https:\/\/corrientesdetarde.com\/index.php\/wp-json\/wp\/v2\/users\/4"}],"replies":[{"embeddable":true,"href":"https:\/\/corrientesdetarde.com\/index.php\/wp-json\/wp\/v2\/comments?post=230107"}],"version-history":[{"count":1,"href":"https:\/\/corrientesdetarde.com\/index.php\/wp-json\/wp\/v2\/posts\/230107\/revisions"}],"predecessor-version":[{"id":230109,"href":"https:\/\/corrientesdetarde.com\/index.php\/wp-json\/wp\/v2\/posts\/230107\/revisions\/230109"}],"wp:featuredmedia":[{"embeddable":true,"href":"https:\/\/corrientesdetarde.com\/index.php\/wp-json\/wp\/v2\/media\/230108"}],"wp:attachment":[{"href":"https:\/\/corrientesdetarde.com\/index.php\/wp-json\/wp\/v2\/media?parent=230107"}],"wp:term":[{"taxonomy":"category","embeddable":true,"href":"https:\/\/corrientesdetarde.com\/index.php\/wp-json\/wp\/v2\/categories?post=230107"},{"taxonomy":"post_tag","embeddable":true,"href":"https:\/\/corrientesdetarde.com\/index.php\/wp-json\/wp\/v2\/tags?post=230107"}],"curies":[{"name":"wp","href":"https:\/\/api.w.org\/{rel}","templated":true}]}}