{"id":230110,"date":"2025-10-05T23:31:27","date_gmt":"2025-10-06T02:31:27","guid":{"rendered":"https:\/\/corrientesdetarde.com\/?p=230110"},"modified":"2025-10-05T23:31:39","modified_gmt":"2025-10-06T02:31:39","slug":"el-papa-leon-xiv-pidio-por-el-fin-de-la-guerra-en-gaza-y-una-paz-justa-y-duradera","status":"publish","type":"post","link":"https:\/\/corrientesdetarde.com\/index.php\/internacionales\/el-papa-leon-xiv-pidio-por-el-fin-de-la-guerra-en-gaza-y-una-paz-justa-y-duradera\/","title":{"rendered":"El papa Le\u00f3n XIV pidi\u00f3 por el fin de la guerra en Gaza y una &#8220;paz justa y duradera&#8221;"},"content":{"rendered":"\n<h2 class=\"wp-block-heading\">El Sumo Pont\u00edfice se dirigi\u00f3 a los fieles antes de rezar el \u00c1ngelus, instando a la comunidad internacional a redoblar los esfuerzos en las negociaciones.<\/h2>\n\n\n\n<p><strong>El papa Le\u00f3n XIV expres\u00f3 su profundo dolor por la situaci\u00f3n en Gaza y emiti\u00f3 un fuerte llamado a la paz<\/strong>, al t\u00e9rmino de la santa misa celebrada por el Jubileo de los Migrantes y del Mundo Misionero en la Plaza de San Pedro.&nbsp;<strong>El Sumo Pont\u00edfice se dirigi\u00f3 a los fieles&nbsp;<\/strong>antes de rezar la oraci\u00f3n del \u00c1ngelus este domingo,<strong>&nbsp;instando a la comunidad internacional a redoblar los esfuerzos en las negociaciones<\/strong>.<\/p>\n\n\n\n<p>&#8220;<strong>Sigo profundamente dolido por el inmenso sufrimiento del pueblo palestino en Gaza<\/strong>&#8220;, manifest\u00f3 el Papa, quien luego exhort\u00f3 a las partes responsables &#8220;<strong>a comprometerse con decisi\u00f3n en este camino, a cesar el fuego y a liberar a los rehenes<\/strong>&#8220;. A pesar del dramatismo, el Papa reconoci\u00f3 que &#8220;<strong>se est\u00e1n dando algunos pasos significativos en las negociaciones de paz&#8221;, y expres\u00f3 su esperanza de que &#8220;pronto puedan dar los frutos deseados<\/strong>&#8220;.<\/p>\n\n\n\n<p>El Obispo de Roma tambi\u00e9n&nbsp;<strong>invit\u00f3 a los presentes a mantenerse unidos en la oraci\u00f3n &#8220;para que los esfuerzos en curso logren poner fin a la guerra y nos conduzcan hacia una paz justa y duradera<\/strong>&#8220;.<\/p>\n\n\n\n<p>Adem\u00e1s de la crisis en Oriente Medio, el Papa expres\u00f3 su cercan\u00eda al pueblo filipino por el fuerte terremoto que sacudi\u00f3 la regi\u00f3n central del pa\u00eds el pasado 30 de septiembre, y dedic\u00f3 palabras a los migrantes y misioneros, reiterando con fuerza: &#8220;<strong>En primer lugar, siempre, la dignidad humana&#8221; y asegurando que &#8220;nadie debe ser obligado a partir ni ser explotado o maltratado por su condici\u00f3n de necesitado o de extranjero<\/strong>&#8220;.<\/p>\n\n\n\n<p>Finalmente, el Pont\u00edfice se refiri\u00f3 al resurgimiento del antisemitismo en el mundo, particularmente aludiendo al atentado contra una sinagoga en M\u00e1nchester. &#8220;<strong>No podemos permanecer indiferentes ante el odio<\/strong>&#8220;, advirti\u00f3, y&nbsp;<strong>pidi\u00f3 que los creyentes sean &#8220;constructores de fraternidad y de esperanza<\/strong>&#8220;. El l\u00edder de la Iglesia concluy\u00f3 agradeciendo a &#8220;los tant\u00edsimos ni\u00f1os que, en todo el mundo, se han comprometido a rezar por esta intenci\u00f3n&#8221; de paz.<\/p>\n","protected":false},"excerpt":{"rendered":"<p>El Sumo Pont\u00edfice se dirigi\u00f3 a los fieles antes de rezar el \u00c1ngelus, instando a la comunidad internacional a redoblar los esfuerzos en las negociaciones. El papa Le\u00f3n XIV expres\u00f3&hellip; <\/p>\n","protected":false},"author":4,"featured_media":230111,"comment_status":"closed","ping_status":"open","sticky":false,"template":"","format":"standard","meta":{"footnotes":""},"categories":[11],"tags":[],"class_list":["post-230110","post","type-post","status-publish","format-standard","has-post-thumbnail","hentry","category-internacionales"],"_links":{"self":[{"href":"https:\/\/corrientesdetarde.com\/index.php\/wp-json\/wp\/v2\/posts\/230110","targetHints":{"allow":["GET"]}}],"collection":[{"href":"https:\/\/corrientesdetarde.com\/index.php\/wp-json\/wp\/v2\/posts"}],"about":[{"href":"https:\/\/corrientesdetarde.com\/index.php\/wp-json\/wp\/v2\/types\/post"}],"author":[{"embeddable":true,"href":"https:\/\/corrientesdetarde.com\/index.php\/wp-json\/wp\/v2\/users\/4"}],"replies":[{"embeddable":true,"href":"https:\/\/corrientesdetarde.com\/index.php\/wp-json\/wp\/v2\/comments?post=230110"}],"version-history":[{"count":1,"href":"https:\/\/corrientesdetarde.com\/index.php\/wp-json\/wp\/v2\/posts\/230110\/revisions"}],"predecessor-version":[{"id":230112,"href":"https:\/\/corrientesdetarde.com\/index.php\/wp-json\/wp\/v2\/posts\/230110\/revisions\/230112"}],"wp:featuredmedia":[{"embeddable":true,"href":"https:\/\/corrientesdetarde.com\/index.php\/wp-json\/wp\/v2\/media\/230111"}],"wp:attachment":[{"href":"https:\/\/corrientesdetarde.com\/index.php\/wp-json\/wp\/v2\/media?parent=230110"}],"wp:term":[{"taxonomy":"category","embeddable":true,"href":"https:\/\/corrientesdetarde.com\/index.php\/wp-json\/wp\/v2\/categories?post=230110"},{"taxonomy":"post_tag","embeddable":true,"href":"https:\/\/corrientesdetarde.com\/index.php\/wp-json\/wp\/v2\/tags?post=230110"}],"curies":[{"name":"wp","href":"https:\/\/api.w.org\/{rel}","templated":true}]}}