{"id":230116,"date":"2025-10-05T23:39:50","date_gmt":"2025-10-06T02:39:50","guid":{"rendered":"https:\/\/corrientesdetarde.com\/?p=230116"},"modified":"2025-10-05T23:40:02","modified_gmt":"2025-10-06T02:40:02","slug":"confirmado-jose-luis-espert-renuncio-a-su-candidatura","status":"publish","type":"post","link":"https:\/\/corrientesdetarde.com\/index.php\/politica\/confirmado-jose-luis-espert-renuncio-a-su-candidatura\/","title":{"rendered":"Confirmado: Jos\u00e9 Luis Espert renunci\u00f3 a su candidatura"},"content":{"rendered":"\n<p>La decisi\u00f3n se produjo d\u00edas despu\u00e9s del caso relacionado con Fred Machado, empresario se\u00f1alado por presunta vinculaci\u00f3n con el narcotr\u00e1fico. &#8220;Doy un paso al costado&#8221;, remarc\u00f3 Espert, quien neg\u00f3 cualquier v\u00ednculo con el acusado.<\/p>\n\n\n\n<p>Jos\u00e9 Luis Espert renunci\u00f3 a su candidatura como diputado nacional por la provincia de Buenos Aires. &#8220;Argentina est\u00e1 por encima de las personas&#8221;, destac\u00f3 a trav\u00e9s de sus redes sociales. Este domingo 5, el presidente Javier Milei acept\u00f3 su renuncia.<\/p>\n\n\n\n<p>En su mensaje en X, sostuvo que su decisi\u00f3n busca preservar el proyecto pol\u00edtico que emprendieron junto a Milei: &#8220;Deseo que los argentinos vivamos como nos merecemos. Por eso no puedo permitir que el proyecto de pa\u00eds que emprendimos con tanto esfuerzo se desmorone&#8221;.<\/p>\n\n\n\n<p>El economista calific\u00f3 el episodio como &#8220;una operaci\u00f3n claramente orquestada por un sistema que destruy\u00f3 a la Argentina por d\u00e9cadas&#8221; y atribuy\u00f3 a un &#8220;despiadado juicio medi\u00e1tico&#8221; la presi\u00f3n sobre su figura. A\u00f1adi\u00f3 que demostrar\u00e1 su inocencia ante la Justicia &#8220;sin fueros ni privilegios&#8221; y rechaz\u00f3 sumarse a los mecanismos habituales de ataque pol\u00edtico que, seg\u00fan \u00e9l, se repiten en cada campa\u00f1a electoral.<\/p>\n\n\n\n<p>Adem\u00e1s, inst\u00f3 a los dirigentes y militantes de La Libertad Avanza a no dejarse intimidar y a aprovechar los d\u00edas previos a las elecciones para explicar a los ciudadanos la oportunidad que, seg\u00fan Espert, el espacio pol\u00edtico representa. &#8220;El tiempo demostrar\u00e1 que no somos todos lo mismo&#8221;, concluy\u00f3.<\/p>\n","protected":false},"excerpt":{"rendered":"<p>La decisi\u00f3n se produjo d\u00edas despu\u00e9s del caso relacionado con Fred Machado, empresario se\u00f1alado por presunta vinculaci\u00f3n con el narcotr\u00e1fico. &#8220;Doy un paso al costado&#8221;, remarc\u00f3 Espert, quien neg\u00f3 cualquier&hellip; <\/p>\n","protected":false},"author":4,"featured_media":230117,"comment_status":"closed","ping_status":"open","sticky":false,"template":"","format":"standard","meta":{"footnotes":""},"categories":[3],"tags":[],"class_list":["post-230116","post","type-post","status-publish","format-standard","has-post-thumbnail","hentry","category-politica"],"_links":{"self":[{"href":"https:\/\/corrientesdetarde.com\/index.php\/wp-json\/wp\/v2\/posts\/230116","targetHints":{"allow":["GET"]}}],"collection":[{"href":"https:\/\/corrientesdetarde.com\/index.php\/wp-json\/wp\/v2\/posts"}],"about":[{"href":"https:\/\/corrientesdetarde.com\/index.php\/wp-json\/wp\/v2\/types\/post"}],"author":[{"embeddable":true,"href":"https:\/\/corrientesdetarde.com\/index.php\/wp-json\/wp\/v2\/users\/4"}],"replies":[{"embeddable":true,"href":"https:\/\/corrientesdetarde.com\/index.php\/wp-json\/wp\/v2\/comments?post=230116"}],"version-history":[{"count":1,"href":"https:\/\/corrientesdetarde.com\/index.php\/wp-json\/wp\/v2\/posts\/230116\/revisions"}],"predecessor-version":[{"id":230118,"href":"https:\/\/corrientesdetarde.com\/index.php\/wp-json\/wp\/v2\/posts\/230116\/revisions\/230118"}],"wp:featuredmedia":[{"embeddable":true,"href":"https:\/\/corrientesdetarde.com\/index.php\/wp-json\/wp\/v2\/media\/230117"}],"wp:attachment":[{"href":"https:\/\/corrientesdetarde.com\/index.php\/wp-json\/wp\/v2\/media?parent=230116"}],"wp:term":[{"taxonomy":"category","embeddable":true,"href":"https:\/\/corrientesdetarde.com\/index.php\/wp-json\/wp\/v2\/categories?post=230116"},{"taxonomy":"post_tag","embeddable":true,"href":"https:\/\/corrientesdetarde.com\/index.php\/wp-json\/wp\/v2\/tags?post=230116"}],"curies":[{"name":"wp","href":"https:\/\/api.w.org\/{rel}","templated":true}]}}