{"id":230218,"date":"2025-10-06T14:39:37","date_gmt":"2025-10-06T17:39:37","guid":{"rendered":"https:\/\/corrientesdetarde.com\/?p=230218"},"modified":"2025-10-06T14:39:49","modified_gmt":"2025-10-06T17:39:49","slug":"anne-hathaway-revoluciono-la-semana-de-la-moda-de-paris-con-su-look-glam-rock","status":"publish","type":"post","link":"https:\/\/corrientesdetarde.com\/index.php\/tendencias\/anne-hathaway-revoluciono-la-semana-de-la-moda-de-paris-con-su-look-glam-rock\/","title":{"rendered":"Anne Hathaway revolucion\u00f3 la semana de la moda de Par\u00eds con su look glam rock"},"content":{"rendered":"\n<p>Acapar\u00f3 la atenci\u00f3n de los fot\u00f3grafos con su llegada al primer desfile de Pierpaolo Piccioli para Balenciaga.<\/p>\n\n\n\n<p>A\u00f1o tras a\u00f1o,\u00a0<strong>Anne Hathaway<\/strong> logra afirmarse como una de las estrellas de Hollywood m\u00e1s influyentes del momento y su costado fashionista crece cada vez m\u00e1s. Numerosas veces chica de tapa y cara de importantes campa\u00f1as, ahora fue la estrella indiscutida en la primera fila del \u00faltimo desfile de\u00a0<strong>Balenciaga<\/strong>.<\/p>\n\n\n\n<p>La actriz asisti\u00f3 al evento, en el marco de la\u00a0Semana de la Moda de Par\u00eds, donde\u00a0<strong>Pierpaolo Piccioli\u00a0<\/strong>present\u00f3 su primera colecci\u00f3n como director creativo de la firma. Junto a otras destacadas figuras como<strong>\u00a0Georgina Rodr\u00edguez o Meghan Markle<\/strong>, sobresali\u00f3 con su look.<\/p>\n\n\n\n<figure class=\"wp-block-image\"><img decoding=\"async\" src=\"https:\/\/tn.com.ar\/resizer\/v2\/la-apuesta-rock-glam-de-anne-hathaway-foto-instagramannehathaway-U5UKOT6AFRAKZMEB2BTQTHPXHQ.jpg?auth=fb9283e1567e9de4e5adeec903c976a06fd732434e2522cbce60a01d3f3a7792&amp;width=767\" alt=\"La apuesta rock glam de Anne Hathaway (Foto: Instagram\/@annehathaway)\"\/><\/figure>\n\n\n\n<p>Disruptiva, apost\u00f3 al&nbsp;<em>mix<\/em>&nbsp;de estilos con un&nbsp;<strong>remer\u00f3n negro con estampado de inspiraci\u00f3n rockera y g\u00f3tica&nbsp;<\/strong>con el nombre de la firma, a la cintura de frente, pero que llega hasta el piso por la espalda, y un pantal\u00f3n<em><strong>&nbsp;wide leg<\/strong><\/em>&nbsp;negro. remat\u00f3 con&nbsp;<strong>guantes de \u00f3pera de cuero&nbsp;<\/strong>negros y aros Bulgari, firma de la que es cara.<\/p>\n\n\n\n<figure class=\"wp-block-image\"><img decoding=\"async\" src=\"https:\/\/tn.com.ar\/resizer\/v2\/anna-hathaway-con-una-remera-tunica-en-el-desfile-de-balenciaga-foto-instagramhairbyadir-76K2OIPD3ZGKPOCDEMWLMZO6CU.jpg?auth=3c8a7c5bf513c9e7f0c2355ba6ff76f52f3f3c185edcd4255fa34778a12102fa&amp;width=767\" alt=\"Anna Hathaway con una remera-t\u00fanica en el desfile de Balenciaga. (Foto: Instagram\/@hairbyadir)\"\/><\/figure>\n\n\n\n<p>En cuanto al<em>&nbsp;beauty look,<\/em>&nbsp;llev\u00f3 un peinado suelto y descontracturado con raya al costado, que acompa\u00f1\u00f3 la est\u00e9tica rockera de la apuesta, y maquillaje&nbsp;<em>glam<\/em>&nbsp;con&nbsp;<strong>delineado en la mirada, m\u00e1scara de pesta\u00f1as, rubor y labios rojos suave.<\/strong><\/p>\n\n\n\n<figure class=\"wp-block-image is-resized\"><img decoding=\"async\" src=\"https:\/\/tn.com.ar\/resizer\/v2\/el-look-de-anna-hathaway-para-el-desfile-de-balenciaga-foto-instagramhairbyadir-5PD5F7VXWZB7PAFJGKWY5GSBQM.jpg?auth=092226858be48309491a8f9b19ae1dd8386a30478d672186f40337bc7989696a&amp;width=767\" alt=\"El look de Anna Hathaway para el desfile de Balenciaga. (Foto: Instagram\/@hairbyadir)\" style=\"width:767px;height:auto\"\/><\/figure>\n\n\n\n<figure class=\"wp-block-image\"><img decoding=\"async\" src=\"https:\/\/tn.com.ar\/resizer\/v2\/anna-hathaway-se-fotografio-frente-a-la-torre-eiffel-foto-instagramhairbyadir-SSE3ZBU2URE6BMOZNSUFJOETP4.jpg?auth=8677f19b8b1eeeba8acb41ddfdc04bcc899c74e8725ec853d2546f5e098dd864&amp;width=767\" alt=\"Anna Hathaway se fotografi\u00f3 frente a la torre Eiffel. (Foto: Instagram\/@hairbyadir)\"\/><\/figure>\n\n\n\n<h2 class=\"wp-block-heading\">El debut de Pierpaolo Piccioli en Balenciaga<\/h2>\n\n\n\n<p>El italiano<strong>&nbsp;Pierpaolo Piccioli&nbsp;<\/strong>present\u00f3 este s\u00e1bado en Par\u00eds su&nbsp;<strong>primera colecci\u00f3n al frente de Balenciaga<\/strong>, con una propuesta que reanuda con el pasado, tambi\u00e9n con su predecesor, el iconoclasta Demna.<\/p>\n\n\n\n<p>El dise\u00f1ador romano, de 58 a\u00f1os, tom\u00f3 el relevo del provocador estilista georgiano que, durante la d\u00e9cada que estuvo al mando de la&nbsp;<strong>casa fundada por el espa\u00f1ol Crist\u00f3bal Balenciaga en 1917<\/strong>, trajo una \u00e9poca pr\u00f3spera, pero tambi\u00e9n momentos controvertidos.<\/p>\n\n\n\n<p>Ante el reto de asumir la direcci\u00f3n art\u00edstica de una marca con tanta y variada historia, propiedad actualmente del grupo Kering,&nbsp;<strong>Piccioli no dud\u00f3 en acoger ese legado<\/strong>.<\/p>\n\n\n\n<figure class=\"wp-block-image\"><img decoding=\"async\" src=\"https:\/\/tn.com.ar\/resizer\/v2\/el-cuero-predomino-en-la-coleccion-e-balenciaga-foto-instagrambalenciaga-F37C77ZXAFESLORRAJ2ZYDJVLA.jpg?auth=645c325bca857c0689d92256003b8e2f1209884c81e62dbbd9bb859fbd2ace4a&amp;width=767\" alt=\"El cuero predomin\u00f3 en la colecci\u00f3n e Balenciaga. (Foto: Instagram\/@balenciaga)\"\/><\/figure>\n\n\n\n<p>\u201cQuiero aceptar el pasado.<strong>&nbsp;No quiero negar lo que existi\u00f3 antes que yo\u201d<\/strong>, dijo a la prensa tras el desfile. \u201cCuando uno asume la direcci\u00f3n de una nueva casa, creo que hay que ser consciente de que se est\u00e1 entrando en una continuidad, junto a quienes estaban all\u00ed antes que nosotros\u201d, a\u00f1adi\u00f3.<\/p>\n\n\n\n<p>Con cortes muy estructurados, propuso&nbsp;<strong>tops ultracortos de cuero<\/strong>, combinados con&nbsp;<strong>faldas globo<\/strong>&nbsp;o pantalones muy anchos. T\u00fanicas asim\u00e9tricas, y vestidos rectos con acabados tipo plumas.<\/p>\n\n\n\n<figure class=\"wp-block-image\"><img decoding=\"async\" src=\"https:\/\/tn.com.ar\/resizer\/v2\/tops-ultracortos-y-faldas-con-plumas-en-la-pasarela-de-balenciaga-foto-instagrambalenciaga-OVYDU7RPDFHOPLYH6YUUSQKI2A.jpg?auth=bc89b8e14ba850ec0c918359832ea5d2318e3666a456699bfbbe1ee75ab9ee3e&amp;width=767\" alt=\"Tops ultracortos y faldas con plumas en la pasarela de Balenciaga. (Foto: Instagram\/@balenciaga)\"\/><\/figure>\n\n\n\n<p>Tambi\u00e9n mostr\u00f3 piezas m\u00e1s&nbsp;<em>streetwear<\/em>, del estilo de Demna, como&nbsp;<strong>chaquetas tipo bomber<\/strong>, de cuero muy holgadas, o recubiertas de flores.<\/p>\n\n\n\n<p>Preguntado por el legado de su predecesor, Piccioli afirm\u00f3 que ser\u00eda \u201cest\u00fapido y una falta de respeto\u201d pasar por alto a los dise\u00f1adores que trabajaron antes que \u00e9l en la casa.<\/p>\n\n\n\n<figure class=\"wp-block-image\"><img decoding=\"async\" src=\"https:\/\/tn.com.ar\/resizer\/v2\/the-heartbeat-la-coleccion-de-verano-2026-de-balenciaga-foto-instagrambalenciaga-FU3LHQNIMZASVAJALZCQDYTXCY.jpg?auth=14d0686d7e1ca2b1381e4b2800135574d38f99687ed1b3eeebcc054f9401bd9b&amp;width=767\" alt=\"&quot;The heartbeat&quot;, la colecci\u00f3n de verano 2026 de Balenciaga. (Foto: Instagram\/@balenciaga)\"\/><\/figure>\n\n\n\n<p>\u201cQuerr\u00eda trabajar, incluso con el arquetipo de Demna, con mi propia sensibilidad, que por supuesto<strong>&nbsp;es diferente<\/strong>\u201d, afirm\u00f3.<\/p>\n\n\n\n<p>El dise\u00f1ador georgiano se dio a conocer vistiendo tanto a la rapera&nbsp;<strong>Cardi B&nbsp;<\/strong>como a la actriz Isabelle Huppert, mezclando camisetas y alta costura, e introduciendo prendas que levantaron pol\u00e9mica como sus bolsos \u201cbasura\u201d. Pero proyect\u00f3 al estrellato la firma, que super\u00f3 los mil millones de euros de facturaci\u00f3n.<\/p>\n\n\n\n<p>A veces fue, sin embargo, demasiado lejos. En 2022, su&nbsp;<strong>campa\u00f1a publicitaria en la que aparec\u00edan ni\u00f1os con accesorios de inspiraci\u00f3n sadomasoquista provoc\u00f3 un esc\u00e1ndalo.<\/strong><\/p>\n","protected":false},"excerpt":{"rendered":"<p>Acapar\u00f3 la atenci\u00f3n de los fot\u00f3grafos con su llegada al primer desfile de Pierpaolo Piccioli para Balenciaga. A\u00f1o tras a\u00f1o,\u00a0Anne Hathaway logra afirmarse como una de las estrellas de Hollywood&hellip; <\/p>\n","protected":false},"author":8,"featured_media":230219,"comment_status":"closed","ping_status":"open","sticky":false,"template":"","format":"standard","meta":{"footnotes":""},"categories":[28],"tags":[],"class_list":["post-230218","post","type-post","status-publish","format-standard","has-post-thumbnail","hentry","category-tendencias"],"_links":{"self":[{"href":"https:\/\/corrientesdetarde.com\/index.php\/wp-json\/wp\/v2\/posts\/230218","targetHints":{"allow":["GET"]}}],"collection":[{"href":"https:\/\/corrientesdetarde.com\/index.php\/wp-json\/wp\/v2\/posts"}],"about":[{"href":"https:\/\/corrientesdetarde.com\/index.php\/wp-json\/wp\/v2\/types\/post"}],"author":[{"embeddable":true,"href":"https:\/\/corrientesdetarde.com\/index.php\/wp-json\/wp\/v2\/users\/8"}],"replies":[{"embeddable":true,"href":"https:\/\/corrientesdetarde.com\/index.php\/wp-json\/wp\/v2\/comments?post=230218"}],"version-history":[{"count":1,"href":"https:\/\/corrientesdetarde.com\/index.php\/wp-json\/wp\/v2\/posts\/230218\/revisions"}],"predecessor-version":[{"id":230220,"href":"https:\/\/corrientesdetarde.com\/index.php\/wp-json\/wp\/v2\/posts\/230218\/revisions\/230220"}],"wp:featuredmedia":[{"embeddable":true,"href":"https:\/\/corrientesdetarde.com\/index.php\/wp-json\/wp\/v2\/media\/230219"}],"wp:attachment":[{"href":"https:\/\/corrientesdetarde.com\/index.php\/wp-json\/wp\/v2\/media?parent=230218"}],"wp:term":[{"taxonomy":"category","embeddable":true,"href":"https:\/\/corrientesdetarde.com\/index.php\/wp-json\/wp\/v2\/categories?post=230218"},{"taxonomy":"post_tag","embeddable":true,"href":"https:\/\/corrientesdetarde.com\/index.php\/wp-json\/wp\/v2\/tags?post=230218"}],"curies":[{"name":"wp","href":"https:\/\/api.w.org\/{rel}","templated":true}]}}