{"id":230245,"date":"2025-10-06T16:00:19","date_gmt":"2025-10-06T19:00:19","guid":{"rendered":"https:\/\/corrientesdetarde.com\/?p=230245"},"modified":"2025-10-06T16:00:26","modified_gmt":"2025-10-06T19:00:26","slug":"ya-no-se-ocultan-filtraron-la-primera-foto-de-wanda-nara-abrazada-a-martin-migueles-en-un-shopping","status":"publish","type":"post","link":"https:\/\/corrientesdetarde.com\/index.php\/espectaculos\/ya-no-se-ocultan-filtraron-la-primera-foto-de-wanda-nara-abrazada-a-martin-migueles-en-un-shopping\/","title":{"rendered":"Ya no se ocultan: filtraron la primera foto de Wanda Nara abrazada a Mart\u00edn Migueles en un shopping"},"content":{"rendered":"\n<p>La medi\u00e1tica tuvo una salida p\u00fablica con su nuevo novio y la imagen circul\u00f3 en las redes sociales.<\/p>\n\n\n\n<p><strong>Wanda Nara\u00a0<\/strong>llam\u00f3 la atenci\u00f3n este fin de semana al ser vista en un centro comercial de\u00a0<strong>Nordelta\u00a0<\/strong>mientras caminaba de la mano con\u00a0<strong>Mart\u00edn Migueles<\/strong>.<\/p>\n\n\n\n<p>Por eso, en las redes sociales circularon varias im\u00e1genes en las que se los puede ver&nbsp;<strong>muy unidos y abrazados&nbsp;<\/strong>a pocas semanas de haber iniciado su romance.<\/p>\n\n\n\n<p>\u00c1ngel de Brito fue uno de los periodistas encargados de compartir la foto de Wanda&nbsp;<strong>tomada del brazo<\/strong>&nbsp;de Mart\u00edn. En la postal tambi\u00e9n aparece una de las hijas de la medi\u00e1tica.<\/p>\n\n\n\n<figure class=\"wp-block-image\"><img decoding=\"async\" src=\"https:\/\/tn.com.ar\/resizer\/v2\/la-foto-de-wanda-nara-con-martin-migueles-en-nordelta-foto-instagramangeldebritooki-OCEQDUTPGVA4ZJKAKT44H7C5DY.jpg?auth=0f4d0b13a3e2d2e74a6219793351dc76646188b24168f5cd72f83a56f144ab0c&amp;width=767\" alt=\"La foto de Wanda Nara con Mart\u00edn Migueles en Nordelta. (Foto: Instagram\/angeldebritooki)\"\/><\/figure>\n\n\n\n<p>\u201cEstaban juntos caminando por el centro de Nordelta\u201d, detall\u00f3 Gustavo M\u00e9ndez esta ma\u00f1ana al aire de&nbsp;<em>Mujeres argentinas (eltrece)<\/em>. Y coment\u00f3:&nbsp;<strong>\u201cYa no se ocultan\u201d<\/strong>.<\/p>\n\n\n\n<p>Para recordar otras de las salidas que tuvo la pareja, el periodista detall\u00f3: \u201cHab\u00edan&nbsp;<strong>hecho un asado<\/strong>&nbsp;con Maxi (L\u00f3pez). La acompa\u00f1\u00f3 a los Mart\u00edn Fierro y se qued\u00f3 en los cuartos del hotel 5 estrellas de Puerto Madero\u201d.<\/p>\n\n\n\n<p>A trav\u00e9s de sus redes sociales, Wanda hab\u00eda mostrado c\u00f3mo la sorprendi\u00f3 Mart\u00edn por el D\u00eda de la Primavera: no solo le mand\u00f3&nbsp;<strong>flores amarillas&nbsp;<\/strong>a ella, sino a todas las mujeres de su familia. El detalle no pas\u00f3 inadvertido en las redes sociales, donde la medi\u00e1tica comparti\u00f3 im\u00e1genes del obsequio, acompa\u00f1adas de la letra \u201cM\u201d.<\/p>\n\n\n\n<h2 class=\"wp-block-heading\">El v\u00ednculo de Wanda Nara con Mart\u00edn Migueles<\/h2>\n\n\n\n<p>El acercamiento comenz\u00f3 en Nordelta, donde eran vecinos en el barrio Yacht. La empresaria relat\u00f3 que todo empez\u00f3 con gestos de amistad, como los asados que \u00e9l organizaba, hasta que, tras su separaci\u00f3n definitiva de<strong>&nbsp;L-Gante<\/strong>, la relaci\u00f3n tom\u00f3 otro rumbo.<\/p>\n\n\n\n<p>En este \u00faltimo tiempo, Migueles no solo la acompa\u00f1a en viajes laborales y salidas familiares, sino que tambi\u00e9n se integr\u00f3 en momentos \u00edntimos. Incluso, se mostr\u00f3 junto a&nbsp;<strong>Maxi L\u00f3pez<\/strong>, expareja de la conductora,&nbsp;<strong>en un asado familiar en Nordelta<\/strong>.<\/p>\n\n\n\n<figure class=\"wp-block-image\"><img decoding=\"async\" src=\"https:\/\/tn.com.ar\/resizer\/v2\/wanda-nara-mostro-las-flores-amarillas-que-le-mando-martin-migueles-su-nuevo-novio-foto-instagram-wandanara-JISTJYLPD5DM5PQX6XBSOK4FGA.jpg?auth=dcdd6acf41ebea53a7d4bf57d955b67c95ad7c3efceff65af70d1f6798952395&amp;width=767\" alt=\"Wanda Nara mostr\u00f3 las flores amarillas que le mand\u00f3 Mart\u00edn Migueles, su nuevo novio. (Foto: Instagram \/ wanda_nara)\"\/><\/figure>\n\n\n\n<p>All\u00ed participaron los tres hijos que Wanda tuvo con L\u00f3pez, sus dos hijas menores \u2014fruto de su relaci\u00f3n con Mauro Icardi\u2014, adem\u00e1s de Zaira Nara y Andr\u00e9s Nara, padre de la conductora.<\/p>\n\n\n\n<p>\u201cEl otro d\u00eda estuvimos&nbsp;<strong>comiendo un asado en casa de \u00e9l<\/strong>. Cocin\u00f3, nos abri\u00f3 la puerta a m\u00ed, a los chicos, as\u00ed que es un copado. Se port\u00f3 superbien con nosotros y con los chicos, as\u00ed que yo me quedo con eso\u201c, dijo Maxi L\u00f3pez cuando le preguntaron por Migueles.<\/p>\n","protected":false},"excerpt":{"rendered":"<p>La medi\u00e1tica tuvo una salida p\u00fablica con su nuevo novio y la imagen circul\u00f3 en las redes sociales. Wanda Nara\u00a0llam\u00f3 la atenci\u00f3n este fin de semana al ser vista en&hellip; <\/p>\n","protected":false},"author":8,"featured_media":230246,"comment_status":"closed","ping_status":"open","sticky":false,"template":"","format":"standard","meta":{"footnotes":""},"categories":[19],"tags":[],"class_list":["post-230245","post","type-post","status-publish","format-standard","has-post-thumbnail","hentry","category-espectaculos"],"_links":{"self":[{"href":"https:\/\/corrientesdetarde.com\/index.php\/wp-json\/wp\/v2\/posts\/230245","targetHints":{"allow":["GET"]}}],"collection":[{"href":"https:\/\/corrientesdetarde.com\/index.php\/wp-json\/wp\/v2\/posts"}],"about":[{"href":"https:\/\/corrientesdetarde.com\/index.php\/wp-json\/wp\/v2\/types\/post"}],"author":[{"embeddable":true,"href":"https:\/\/corrientesdetarde.com\/index.php\/wp-json\/wp\/v2\/users\/8"}],"replies":[{"embeddable":true,"href":"https:\/\/corrientesdetarde.com\/index.php\/wp-json\/wp\/v2\/comments?post=230245"}],"version-history":[{"count":1,"href":"https:\/\/corrientesdetarde.com\/index.php\/wp-json\/wp\/v2\/posts\/230245\/revisions"}],"predecessor-version":[{"id":230247,"href":"https:\/\/corrientesdetarde.com\/index.php\/wp-json\/wp\/v2\/posts\/230245\/revisions\/230247"}],"wp:featuredmedia":[{"embeddable":true,"href":"https:\/\/corrientesdetarde.com\/index.php\/wp-json\/wp\/v2\/media\/230246"}],"wp:attachment":[{"href":"https:\/\/corrientesdetarde.com\/index.php\/wp-json\/wp\/v2\/media?parent=230245"}],"wp:term":[{"taxonomy":"category","embeddable":true,"href":"https:\/\/corrientesdetarde.com\/index.php\/wp-json\/wp\/v2\/categories?post=230245"},{"taxonomy":"post_tag","embeddable":true,"href":"https:\/\/corrientesdetarde.com\/index.php\/wp-json\/wp\/v2\/tags?post=230245"}],"curies":[{"name":"wp","href":"https:\/\/api.w.org\/{rel}","templated":true}]}}