{"id":230248,"date":"2025-10-06T16:05:00","date_gmt":"2025-10-06T19:05:00","guid":{"rendered":"https:\/\/corrientesdetarde.com\/?p=230248"},"modified":"2025-10-06T16:05:32","modified_gmt":"2025-10-06T19:05:32","slug":"el-conflicto-de-espert-reactivo-el-triangulo-de-hierro-y-en-lla-intentan-repuntar-el-tramo-final-de-la-campana","status":"publish","type":"post","link":"https:\/\/corrientesdetarde.com\/index.php\/politica\/el-conflicto-de-espert-reactivo-el-triangulo-de-hierro-y-en-lla-intentan-repuntar-el-tramo-final-de-la-campana\/","title":{"rendered":"El conflicto de Espert reactiv\u00f3 el Tri\u00e1ngulo de Hierro y en LLA intentan repuntar el tramo final de la campa\u00f1a"},"content":{"rendered":"\n<p>En el oficialismo creen que la salida del economista les dar\u00e1 ox\u00edgeno para las pr\u00f3ximas semanas. \u201cEsto es mejor sin dudas\u201d, aseguran.<a href=\"https:\/\/tn.com.ar\/autor\/Josefina-Godoy-Martinez\/\"><\/a><\/p>\n\n\n\n<p>Tras la renuncia de\u00a0<strong>Jos\u00e9 Luis Espert<\/strong> como candidato a diputado nacional, en el\u00a0<strong>Gobierno\u00a0<\/strong>conf\u00edan que su salida le dar\u00e1 ox\u00edgeno a\u00a0<strong>La Libertad Avanza<\/strong> para afrontar el tramo final hacia las\u00a0<strong>elecciones\u00a0<\/strong>de octubre.<\/p>\n\n\n\n<p><strong>\u201cEsto es mejor sin dudas. Ahora tenemos campa\u00f1a\u201d<\/strong>, expresaron fuentes de La Libertad Avanza. Antes del anuncio del economista, la campa\u00f1a del oficialismo sufr\u00eda una suerte de par\u00e1lisis por las acusaciones hacia el primer candidato libertario en la Provincia de Buenos Aires por sus presuntos v\u00ednculos con el empresario Fred Machado.<\/p>\n\n\n\n<p>En ese sentido, aliados del Gobierno festejaron la decisi\u00f3n de bajar a Espert: \u201cCon 18 puntos abajo no hab\u00eda otra cosa que hacer.&nbsp;<strong>Ahora son 20 d\u00edas de campa\u00f1a a fondo\u201d.<\/strong><\/p>\n\n\n\n<figure class=\"wp-block-image\"><img decoding=\"async\" src=\"https:\/\/tn.com.ar\/resizer\/v2\/jose-luis-espert-renuncio-a-su-candidatura-como-diputado-nacional-foto-reutersagustin-marcarian-YQ3G3PQ6Z7DLDLWE74K3LOBHMY.jpg?auth=36b7a30135ef7f5dce5450790713c3b1672054f9d83d5253c5e4f50243b1f46c&amp;width=767\" alt=\"Jos\u00e9 Luis Espert renunci\u00f3 a su candidatura como diputado nacional. (Foto: REUTERS\/Agustin Marcarian). \"\/><\/figure>\n\n\n\n<h2 class=\"wp-block-heading\">C\u00f3mo se gest\u00f3 la salida de Espert como candidato a diputado nacional<\/h2>\n\n\n\n<p>Seg\u00fan pudo saber\u00a0, la decisi\u00f3n final para que Espert dejara la lista libertaria se tom\u00f3 con el impulso de\u00a0<strong>Karina Milei y Santiago Caputo.<\/strong>\u00a0Es decir, fue una decisi\u00f3n de la mesa chica del Presidente, donde el\u00a0<strong>Tri\u00e1ngulo de Hierro volvi\u00f3 a funcionar<\/strong>\u00a0pese a las diferencias.<\/p>\n\n\n\n<p>Si bien hasta \u00faltimo momento Milei ratificaba al economista,<strong>&nbsp;las encuestas con resultados negativos para La Libertad Avanza fueron claves para confirmar su salida.<\/strong><\/p>\n\n\n\n<p>Fuentes de Casa Rosada aseguraron que las mediciones que recibieron mostraban que si LLA manten\u00eda a Espert,&nbsp;<strong>el kirchnerismo pod\u00eda sacar 20 puntos de ventaja en la elecci\u00f3n del 26 de octubre.<\/strong><\/p>\n\n\n\n<p>Otra de las claves que foment\u00f3 la renuncia de Espert fue la&nbsp;<strong>inestabilidad que dej\u00f3 entrever en las distintas entrevistas que dio a lo largo de la semana pasada.<\/strong>&nbsp;El equipo de campa\u00f1a intent\u00f3 que continuara al frente de la lista oficial, pero el ahora expostulante&nbsp;<strong>que finalmente no pudo sostener la l\u00ednea discursiva que se esperaba.<\/strong><\/p>\n\n\n\n<figure class=\"wp-block-image\"><img decoding=\"async\" src=\"https:\/\/tn.com.ar\/resizer\/v2\/tras-la-salida-de-espert-de-la-lista-libertaria-santilli-sera-el-primer-candidato-de-lla-se-mostrara-junto-a-javier-milei-en-mar-del-plata-este-martes-foto-tn-agustina-ribo-KXNC4XER6RHGJA6J72TKKFWY7Q.JPG?auth=2147ebc8734a627e844e160a0c351c0a9356b38d0974eaf4d12c02069464394e&amp;width=767\" alt=\"Tras la salida de Espert de la lista libertaria, Santilli ser\u00e1 el primer candidato de LLA. Se mostrar\u00e1 junto a Javier Milei en Mar del Plata, este martes. (Foto: TN - Agustina Rib\u00f3)\"\/><\/figure>\n\n\n\n<p>A pesar de esta situaci\u00f3n, Javier Milei sigui\u00f3 defendiendo a Esper tras la renuncia a su candidatura.&nbsp;<strong>\u201cNo tengo dudas de la honorabilidad del Profe. Yo no lo ech\u00e9\u201d,&nbsp;<\/strong>dijo horas despu\u00e9s del anuncio en di\u00e1logo con<em>&nbsp;LN+.&nbsp;<\/em>Y agreg\u00f3: \u201cYo no tengo por qu\u00e9 estar explicando determinadas situaciones, pero s\u00ed voy a dar mi punto de vista. Primero, es muy dif\u00edcil pararse frente a las c\u00e1maras y encontrarse con esas acusaciones aberrantes&nbsp;<strong>porque una persona honesta no est\u00e1 acostumbrada a ese barro\u201d.<\/strong><\/p>\n\n\n\n<p>\u201cLo m\u00e1s maravilloso que hizo Espert fue demostrar que no somos lo mismo, porque antepuso los intereses de la Naci\u00f3n y de las ideas de la libertad, que es lo que nos va a sacar adelante, versus el inter\u00e9s personal.&nbsp;<strong>Porque yo lo conozco al profe, es un peleador, un gladiador, y se baja porque tiene una responsabilidad hist\u00f3rica\u201d<\/strong>, dijo el Presidente.<\/p>\n\n\n\n<h2 class=\"wp-block-heading\">Milei sigue al frente de la campa\u00f1a tras la renuncia de Espert a su candidatura<\/h2>\n\n\n\n<p>En este escenario, el Presidente tiene una agenda cargada para los pr\u00f3ximos d\u00edas, que buscar\u00e1<strong>&nbsp;levantar la imagen del oficialismo antes de los comicios.<\/strong><\/p>\n\n\n\n<p>El lunes, Milei presentar\u00e1 su libro \u201cLa Construcci\u00f3n del Milagro\u201d, con un show musical en el Movistar Arena. Y el martes viajar\u00e1 a Mar del Plata, donde se mostrar\u00e1 con Diego Santilli.<strong>&nbsp;Ser\u00e1 la primera aparici\u00f3n del integrante del PRO como cabeza de lista de La Libertad Avanza.<\/strong><\/p>\n\n\n\n<p>El jueves, el mandatario viajar\u00e1 a&nbsp;<strong>Mendoza para estar en la C\u00e1mara de Comercio de San Rafae<\/strong>l. All\u00ed se encontrar\u00e1 con el gobernador Alfredo Cornejo y con Luis Petri, el ministro de Defensa que encabeza la boleta para diputados nacionales en esa provincia. Despu\u00e9s de esa actividad, el Presidente ir\u00e1 hacia&nbsp;<strong>Santa Cruz<\/strong>&nbsp;para apoyar al candidato de LLA, Jairo Guzm\u00e1n.<\/p>\n\n\n\n<p>El viernes, Milei participar\u00e1 de&nbsp;<strong>una actividad de YPF&nbsp;<\/strong>y el s\u00e1bado viajar\u00e1 a&nbsp;<strong>Chaco y Corrientes,<\/strong>&nbsp;donde tambi\u00e9n busca aumentar la popularidad de sus candidatos.<\/p>\n\n\n\n<p>Todas estas visitas ser\u00e1n antes de su viaje a Estados Unidos, el 14 de octubre,&nbsp;<strong>donde se ver\u00e1 con Donald Trump en el Sal\u00f3n Oval.<\/strong><\/p>\n\n\n\n<p><\/p>\n","protected":false},"excerpt":{"rendered":"<p>En el oficialismo creen que la salida del economista les dar\u00e1 ox\u00edgeno para las pr\u00f3ximas semanas. \u201cEsto es mejor sin dudas\u201d, aseguran. Tras la renuncia de\u00a0Jos\u00e9 Luis Espert como candidato&hellip; <\/p>\n","protected":false},"author":8,"featured_media":230249,"comment_status":"closed","ping_status":"open","sticky":false,"template":"","format":"standard","meta":{"footnotes":""},"categories":[3],"tags":[],"class_list":["post-230248","post","type-post","status-publish","format-standard","has-post-thumbnail","hentry","category-politica"],"_links":{"self":[{"href":"https:\/\/corrientesdetarde.com\/index.php\/wp-json\/wp\/v2\/posts\/230248","targetHints":{"allow":["GET"]}}],"collection":[{"href":"https:\/\/corrientesdetarde.com\/index.php\/wp-json\/wp\/v2\/posts"}],"about":[{"href":"https:\/\/corrientesdetarde.com\/index.php\/wp-json\/wp\/v2\/types\/post"}],"author":[{"embeddable":true,"href":"https:\/\/corrientesdetarde.com\/index.php\/wp-json\/wp\/v2\/users\/8"}],"replies":[{"embeddable":true,"href":"https:\/\/corrientesdetarde.com\/index.php\/wp-json\/wp\/v2\/comments?post=230248"}],"version-history":[{"count":1,"href":"https:\/\/corrientesdetarde.com\/index.php\/wp-json\/wp\/v2\/posts\/230248\/revisions"}],"predecessor-version":[{"id":230250,"href":"https:\/\/corrientesdetarde.com\/index.php\/wp-json\/wp\/v2\/posts\/230248\/revisions\/230250"}],"wp:featuredmedia":[{"embeddable":true,"href":"https:\/\/corrientesdetarde.com\/index.php\/wp-json\/wp\/v2\/media\/230249"}],"wp:attachment":[{"href":"https:\/\/corrientesdetarde.com\/index.php\/wp-json\/wp\/v2\/media?parent=230248"}],"wp:term":[{"taxonomy":"category","embeddable":true,"href":"https:\/\/corrientesdetarde.com\/index.php\/wp-json\/wp\/v2\/categories?post=230248"},{"taxonomy":"post_tag","embeddable":true,"href":"https:\/\/corrientesdetarde.com\/index.php\/wp-json\/wp\/v2\/tags?post=230248"}],"curies":[{"name":"wp","href":"https:\/\/api.w.org\/{rel}","templated":true}]}}