{"id":230251,"date":"2025-10-06T16:10:31","date_gmt":"2025-10-06T19:10:31","guid":{"rendered":"https:\/\/corrientesdetarde.com\/?p=230251"},"modified":"2025-10-06T16:11:02","modified_gmt":"2025-10-06T19:11:02","slug":"un-gremio-aeronautico-lanzo-una-medida-de-fuerza-que-puede-generar-demoras-y-cancelaciones-en-aeroparque","status":"publish","type":"post","link":"https:\/\/corrientesdetarde.com\/index.php\/sociales\/un-gremio-aeronautico-lanzo-una-medida-de-fuerza-que-puede-generar-demoras-y-cancelaciones-en-aeroparque\/","title":{"rendered":"Un gremio aeron\u00e1utico lanz\u00f3 una medida de fuerza que puede generar demoras y cancelaciones en Aeroparque"},"content":{"rendered":"\n<p>La Asociaci\u00f3n de Pilotos realizar\u00e1 asambleas gremiales este jueves y el 24 de octubre, en horarios clave. Reclaman por la falta de avances en las paritarias con Aerol\u00edneas y denuncian incumplimientos del convenio colectivo.<\/p>\n\n\n\n<p>La Asociaci\u00f3n de<strong>\u00a0Pilotos\u00a0<\/strong>de L\u00edneas A\u00e9reas (APLA) anunci\u00f3 la realizaci\u00f3n de\u00a0<strong>asambleas\u00a0<\/strong>en el\u00a0<strong>Aeroparque Jorge Newbery<\/strong>\u00a0durante dos jornadas de\u00a0<strong>octubre<\/strong>. Una de ellas, en la\u00a0<strong>previa\u00a0<\/strong>al\u00a0<strong>fin de semana<\/strong>\u00a0<strong>largo.<\/strong><\/p>\n\n\n\n<p>La medida de fuerza, motivada por el\u00a0<strong>estancamiento\u00a0<\/strong>en las negociaciones\u00a0<strong>paritarias\u00a0<\/strong>con\u00a0<strong>Aerol\u00edneas Argentinas<\/strong>\u00a0y otros reclamos gremiales, podr\u00eda generar importantes\u00a0<strong>demoras\u00a0<\/strong>y la\u00a0<strong>cancelaci\u00f3n\u00a0<\/strong>de vuelos.<\/p>\n\n\n\n<p>Seg\u00fan informaron desde el sindicato, las asambleas est\u00e1n previstas para este<strong>&nbsp;9 de octubre, entre las 16 y las 20<\/strong>, y para el viernes<strong>&nbsp;24 de octubre, de 6 a 10 de la ma\u00f1ana<\/strong>,cuando se ver\u00e1n&nbsp;<strong>afectados los servicios<\/strong>, ya que las actividades gremiales se realizar\u00e1n en el mismo aeropuerto y durante el horario laboral de muchos pilotos.<\/p>\n\n\n\n<p>\u201cDurante estas asambleas&nbsp;<strong>se producir\u00e1n demoras en los vuelos y posibles cancelaciones<\/strong>\u201d, advirti\u00f3 el gremio en un comunicado oficial, en el que tambi\u00e9n&nbsp;<strong>apunt\u00f3&nbsp;<\/strong>directamente a&nbsp;<strong>Aerol\u00edneas Argentinas<\/strong>&nbsp;como responsable del conflicto. \u201cUna vez m\u00e1s, la&nbsp;<strong>demora intencionada<\/strong>&nbsp;por parte de la empresa en las negociaciones paritarias, en un contexto de&nbsp;<strong>retraso salarial<\/strong>, representa una&nbsp;<strong>nueva provocaci\u00f3n<\/strong>&nbsp;por parte de esta administraci\u00f3n\u201d, se\u00f1alaron.<\/p>\n\n\n\n<p>Adem\u00e1s del reclamo salarial, APLA denunci\u00f3&nbsp;<strong>\u201creiterados y sistem\u00e1ticos incumplimientos\u201d&nbsp;<\/strong>del convenio colectivo de trabajo, y manifest\u00f3 su preocupaci\u00f3n por el proceso de&nbsp;<strong>desregulaci\u00f3n del sector aerocomercial<\/strong>, al que consideran una amenaza directa a las condiciones laborales de los pilotos.<\/p>\n\n\n\n<p>La organizaci\u00f3n sindical sostuvo que estas medidas forman parte de una serie de&nbsp;<strong>\u201cacciones directas\u201d<\/strong>&nbsp;en respuesta al&nbsp;<strong>\u201cdeterioro progresivo de las relaciones laborales<\/strong>\u201d con la l\u00ednea a\u00e9rea estatal. \u201c<strong>Hacemos responsable a la empresa&nbsp;<\/strong>de cualquier inconveniente que pueda surgir en la operaci\u00f3n\u201d, remataron desde APLA.<\/p>\n\n\n\n<figure class=\"wp-block-image\"><img decoding=\"async\" src=\"https:\/\/tn.com.ar\/resizer\/v2\/posibles-demoras-y-cancelaciones-en-vuelos-de-aeroparque-por-una-medida-de-fuerza-de-pilotos-foto-apla-3BYVIOY4X5ANXLHZAIO5KN2LYA.jpg?auth=3c1d8b3edbc0f3798301ee061648b1164c146f767f264e42bc7897ce78458a98&amp;width=767\" alt=\"Posibles demoras y cancelaciones en vuelos de Aeroparque por una medida de fuerza de pilotos. (Foto: APLA)\"\/><\/figure>\n\n\n\n<p>Aunque por el momento las asambleas&nbsp;<strong>no implican un paro total de actividades<\/strong>, el impacto sobre los vuelos podr\u00eda ser significativo, sobre todo en las franjas horarias en las que hay&nbsp;<strong>mayor concentraci\u00f3n de salidas y arribos<\/strong>. Aeroparque opera una gran cantidad de&nbsp;<strong>vuelos de cabotaje<\/strong>, y cualquier alteraci\u00f3n en su cronograma puede generar un&nbsp;<strong>efecto en cadena en otros aeropuertos<\/strong>&nbsp;del pa\u00eds, especialmente en la previa de un fin de semana largo.<\/p>\n\n\n\n<p>Las asambleas llegan en un contexto de&nbsp;<strong>tensi\u00f3n creciente entre los sindicatos aeron\u00e1uticos y el Gobierno<\/strong>, que impulsa una serie de reformas para liberalizar el mercado a\u00e9reo. Hasta el momento,&nbsp;<strong>Aerol\u00edneas Argentinas no emiti\u00f3 declaraciones p\u00fablicas<\/strong>&nbsp;sobre la medida ni sobre el estado actual de las negociaciones salariales.<\/p>\n\n\n\n<p>Por ahora, los&nbsp;<strong>pasajeros con vuelos programados<\/strong>&nbsp;para los d\u00edas y horarios mencionados deber\u00e1n estar atentos a las&nbsp;<strong>comunicaciones oficiales<\/strong>&nbsp;de las aerol\u00edneas, ya que podr\u00edan producirse alteraciones en el cronograma habitual.<\/p>\n\n\n\n<p>Se recomienda&nbsp;<strong>consultar el estado de cada vuelo<\/strong>&nbsp;antes de dirigirse al aeropuerto.<\/p>\n\n\n\n<p><\/p>\n","protected":false},"excerpt":{"rendered":"<p>La Asociaci\u00f3n de Pilotos realizar\u00e1 asambleas gremiales este jueves y el 24 de octubre, en horarios clave. Reclaman por la falta de avances en las paritarias con Aerol\u00edneas y denuncian&hellip; <\/p>\n","protected":false},"author":8,"featured_media":230252,"comment_status":"closed","ping_status":"open","sticky":false,"template":"","format":"standard","meta":{"footnotes":""},"categories":[17],"tags":[],"class_list":["post-230251","post","type-post","status-publish","format-standard","has-post-thumbnail","hentry","category-sociales"],"_links":{"self":[{"href":"https:\/\/corrientesdetarde.com\/index.php\/wp-json\/wp\/v2\/posts\/230251","targetHints":{"allow":["GET"]}}],"collection":[{"href":"https:\/\/corrientesdetarde.com\/index.php\/wp-json\/wp\/v2\/posts"}],"about":[{"href":"https:\/\/corrientesdetarde.com\/index.php\/wp-json\/wp\/v2\/types\/post"}],"author":[{"embeddable":true,"href":"https:\/\/corrientesdetarde.com\/index.php\/wp-json\/wp\/v2\/users\/8"}],"replies":[{"embeddable":true,"href":"https:\/\/corrientesdetarde.com\/index.php\/wp-json\/wp\/v2\/comments?post=230251"}],"version-history":[{"count":1,"href":"https:\/\/corrientesdetarde.com\/index.php\/wp-json\/wp\/v2\/posts\/230251\/revisions"}],"predecessor-version":[{"id":230253,"href":"https:\/\/corrientesdetarde.com\/index.php\/wp-json\/wp\/v2\/posts\/230251\/revisions\/230253"}],"wp:featuredmedia":[{"embeddable":true,"href":"https:\/\/corrientesdetarde.com\/index.php\/wp-json\/wp\/v2\/media\/230252"}],"wp:attachment":[{"href":"https:\/\/corrientesdetarde.com\/index.php\/wp-json\/wp\/v2\/media?parent=230251"}],"wp:term":[{"taxonomy":"category","embeddable":true,"href":"https:\/\/corrientesdetarde.com\/index.php\/wp-json\/wp\/v2\/categories?post=230251"},{"taxonomy":"post_tag","embeddable":true,"href":"https:\/\/corrientesdetarde.com\/index.php\/wp-json\/wp\/v2\/tags?post=230251"}],"curies":[{"name":"wp","href":"https:\/\/api.w.org\/{rel}","templated":true}]}}