{"id":230266,"date":"2025-10-06T21:09:04","date_gmt":"2025-10-07T00:09:04","guid":{"rendered":"https:\/\/corrientesdetarde.com\/?p=230266"},"modified":"2025-10-06T21:09:35","modified_gmt":"2025-10-07T00:09:35","slug":"las-ferias-de-la-ciudad-recorreran-barrios-y-plazas-con-diversas-ofertas-2","status":"publish","type":"post","link":"https:\/\/corrientesdetarde.com\/index.php\/actualidad\/las-ferias-de-la-ciudad-recorreran-barrios-y-plazas-con-diversas-ofertas-2\/","title":{"rendered":"Las Ferias de la Ciudad recorrer\u00e1n barrios y plazas con diversas ofertas"},"content":{"rendered":"\n<p>Entre el martes 7 y el domingo 12 de octubre, las ferias itinerantes organizadas por la Municipalidad volver\u00e1n a realizar su habitual recorrido por los barrios con su oferta de productos de calidad y mejores precios. Los vecinos podr\u00e1n adquirir frutas y verduras, productos manufacturados, artesan\u00edas, plantas ornamentales, entre otras propuestas.<\/p>\n\n\n\n<p>Organizadas por la Secretar\u00eda de Desarrollo Econ\u00f3mico municipal, a trav\u00e9s de la Subsecretar\u00eda de Econom\u00eda Social, las Ferias de la Ciudad cumplir\u00e1n un nuevo recorrido semanal entre este martes 7 y el domingo 12 de octubre por plazas, plazoletas, espacios verdes y recreativos. La lista incluye el viernes 10, d\u00eda en que se traslada el D\u00eda del Respeto a la Diversidad Cultural.<\/p>\n\n\n\n<p>La iniciativa de productores y emprendedores locales permite la llegada de frutas, verduras, panificados caseros, dulces regionales, artesan\u00edas y plantas ornamentales a todos los vecinos en productos de calidad a buenos precios.<\/p>\n\n\n\n<p>El recorrido semanal, que se concreta en el horario de 8 a 13, comenzar\u00e1 el martes 7 de octubre en las plazas Los Amigos y Torrent, repiti\u00e9ndose este \u00faltimo espacio verde el mi\u00e9rcoles 8.<\/p>\n\n\n\n<p>El jueves 9 de febrero los feriantes se presentar\u00e1n en la plaza La Cruz, mientras que el viernes 10 \u2013feriado puente por el D\u00eda del Respeto a la Diversidad Cultural- en simult\u00e1neo en el predio de Larrea al 3400 (frente al Colegio Illia) del barrio Laguna Seca; en plaza &nbsp;Rep\u00fablica del Per\u00fa de las Mil Viviendas (Av. Patagonia entre Av. La Paz y Av. Paysand\u00fa); &nbsp;y en plazoleta Los Inmigrantes (Av Sarmiento y Ac Fern\u00e1ndez).<\/p>\n\n\n\n<p>El recorrido continuar\u00e1 el s\u00e1bado 11 de octubre, de 8 a 13, por la calle Pil\u00fa G\u00f3mez y Jos\u00e9 Rol\u00f3n, en el parque Mitre.<\/p>\n\n\n\n<p>Finalmente, el domingo 12, los puesteros estar\u00e1n nuevamente en el Paseo Arazaty donde ofrecer\u00e1n, de 10 a 20, plantas ornamentales, ofertas gastron\u00f3micas, artesan\u00edas y manualidades.<\/p>\n\n\n\n<h2 class=\"wp-block-heading\">CRONOGRAMA<\/h2>\n\n\n\n<ul class=\"wp-block-list\">\n<li>Martes 7 de octubre: plaza Torrent y plaza Los Amigos.<\/li>\n\n\n\n<li>Mi\u00e9rcoles 8 de octubre: plaza Torrent.<\/li>\n\n\n\n<li>Jueves 9: plaza La Cruz.<\/li>\n\n\n\n<li>Viernes 10: Larrea al 3400 (frente al Colegio Illia); plaza \u00a0Rep\u00fablica del Per\u00fa; \u00a0y en plazoleta Los Inmigrantes<\/li>\n\n\n\n<li>S\u00e1bado 11: parque Mitre y Paseo Arazaty (de 10 a 22).<\/li>\n\n\n\n<li>Domingo 12: Paseo Arazaty (de 10 a 20).<\/li>\n<\/ul>\n","protected":false},"excerpt":{"rendered":"<p>Entre el martes 7 y el domingo 12 de octubre, las ferias itinerantes organizadas por la Municipalidad volver\u00e1n a realizar su habitual recorrido por los barrios con su oferta de&hellip; <\/p>\n","protected":false},"author":4,"featured_media":230272,"comment_status":"closed","ping_status":"open","sticky":false,"template":"","format":"standard","meta":{"footnotes":""},"categories":[23],"tags":[],"class_list":["post-230266","post","type-post","status-publish","format-standard","has-post-thumbnail","hentry","category-actualidad"],"_links":{"self":[{"href":"https:\/\/corrientesdetarde.com\/index.php\/wp-json\/wp\/v2\/posts\/230266","targetHints":{"allow":["GET"]}}],"collection":[{"href":"https:\/\/corrientesdetarde.com\/index.php\/wp-json\/wp\/v2\/posts"}],"about":[{"href":"https:\/\/corrientesdetarde.com\/index.php\/wp-json\/wp\/v2\/types\/post"}],"author":[{"embeddable":true,"href":"https:\/\/corrientesdetarde.com\/index.php\/wp-json\/wp\/v2\/users\/4"}],"replies":[{"embeddable":true,"href":"https:\/\/corrientesdetarde.com\/index.php\/wp-json\/wp\/v2\/comments?post=230266"}],"version-history":[{"count":1,"href":"https:\/\/corrientesdetarde.com\/index.php\/wp-json\/wp\/v2\/posts\/230266\/revisions"}],"predecessor-version":[{"id":230273,"href":"https:\/\/corrientesdetarde.com\/index.php\/wp-json\/wp\/v2\/posts\/230266\/revisions\/230273"}],"wp:featuredmedia":[{"embeddable":true,"href":"https:\/\/corrientesdetarde.com\/index.php\/wp-json\/wp\/v2\/media\/230272"}],"wp:attachment":[{"href":"https:\/\/corrientesdetarde.com\/index.php\/wp-json\/wp\/v2\/media?parent=230266"}],"wp:term":[{"taxonomy":"category","embeddable":true,"href":"https:\/\/corrientesdetarde.com\/index.php\/wp-json\/wp\/v2\/categories?post=230266"},{"taxonomy":"post_tag","embeddable":true,"href":"https:\/\/corrientesdetarde.com\/index.php\/wp-json\/wp\/v2\/tags?post=230266"}],"curies":[{"name":"wp","href":"https:\/\/api.w.org\/{rel}","templated":true}]}}