{"id":230274,"date":"2025-10-06T21:11:55","date_gmt":"2025-10-07T00:11:55","guid":{"rendered":"https:\/\/corrientesdetarde.com\/?p=230274"},"modified":"2025-10-06T21:12:26","modified_gmt":"2025-10-07T00:12:26","slug":"valdes-analizo-con-su-gabinete-la-gestion-provincial-en-el-marco-de-la-coyuntura-del-pais","status":"publish","type":"post","link":"https:\/\/corrientesdetarde.com\/index.php\/politica\/valdes-analizo-con-su-gabinete-la-gestion-provincial-en-el-marco-de-la-coyuntura-del-pais\/","title":{"rendered":"Vald\u00e9s analiz\u00f3 con su Gabinete la gesti\u00f3n provincial en el marco de la coyuntura del pa\u00eds"},"content":{"rendered":"\n<p>El Gobernador&nbsp;encabez\u00f3 una reuni\u00f3n de Gabinete en Casa de Gobierno para coordinar acciones de gesti\u00f3n en el actual contexto pol\u00edtico y econ\u00f3mico del pa\u00eds.<\/p>\n\n\n\n<p>Este lunes, el gobernador Gustavo Vald\u00e9s encabez\u00f3 una reuni\u00f3n de Gabinete en el sal\u00f3n Amarillo en Casa de Gobierno donde diagram\u00f3 acciones junto a los ministros del Poder Ejecutivo sobre la gesti\u00f3n provincial teniendo como base la situaci\u00f3n pol\u00edtica y econ\u00f3mica actual del pa\u00eds.<\/p>\n\n\n\n<p>As\u00ed, en contacto con la prensa el ministro de Obras P\u00fablica, Claudio Polich sostuvo que &#8220;la reuni\u00f3n fue positiva donde dialogamos sobre algunas cuestiones vinculadas a la administraci\u00f3n general y que hacen al funcionamiento del gobierno&#8221; y precis\u00f3 que otro de los temas tratados fue el escenario pol\u00edtico de cara a las elecciones legislativas del 26 de octubre.<\/p>\n\n\n\n<p>En lo que respecta a las obras que se ejecutan en la provincia, Polich indic\u00f3 que &#8220;nosotros nos ajustamos muy bien a nuestro plan de obra y vamos a tener algunas obras que por su dimensi\u00f3n no llegar\u00e1n a concretarse antes del 10 de diciembre&#8221; pero &#8220;seguiremos avanzando dentro de las posibilidades que tenemos y teniendo una administraci\u00f3n cada vez m\u00e1s rigurosa que permita administrar&#8221;.<\/p>\n\n\n\n<p>Asimismo, dio cuenta que por parte del Gobierno nacional no cuentan con fondos para la concreci\u00f3n de obras y que esperan indicaciones para poder avanzar con los acuerdos trazados de manera mancomunada entre Provincia y Naci\u00f3n.<\/p>\n","protected":false},"excerpt":{"rendered":"<p>El Gobernador&nbsp;encabez\u00f3 una reuni\u00f3n de Gabinete en Casa de Gobierno para coordinar acciones de gesti\u00f3n en el actual contexto pol\u00edtico y econ\u00f3mico del pa\u00eds. Este lunes, el gobernador Gustavo Vald\u00e9s&hellip; <\/p>\n","protected":false},"author":4,"featured_media":230275,"comment_status":"closed","ping_status":"open","sticky":false,"template":"","format":"standard","meta":{"footnotes":""},"categories":[3],"tags":[],"class_list":["post-230274","post","type-post","status-publish","format-standard","has-post-thumbnail","hentry","category-politica"],"_links":{"self":[{"href":"https:\/\/corrientesdetarde.com\/index.php\/wp-json\/wp\/v2\/posts\/230274","targetHints":{"allow":["GET"]}}],"collection":[{"href":"https:\/\/corrientesdetarde.com\/index.php\/wp-json\/wp\/v2\/posts"}],"about":[{"href":"https:\/\/corrientesdetarde.com\/index.php\/wp-json\/wp\/v2\/types\/post"}],"author":[{"embeddable":true,"href":"https:\/\/corrientesdetarde.com\/index.php\/wp-json\/wp\/v2\/users\/4"}],"replies":[{"embeddable":true,"href":"https:\/\/corrientesdetarde.com\/index.php\/wp-json\/wp\/v2\/comments?post=230274"}],"version-history":[{"count":1,"href":"https:\/\/corrientesdetarde.com\/index.php\/wp-json\/wp\/v2\/posts\/230274\/revisions"}],"predecessor-version":[{"id":230276,"href":"https:\/\/corrientesdetarde.com\/index.php\/wp-json\/wp\/v2\/posts\/230274\/revisions\/230276"}],"wp:featuredmedia":[{"embeddable":true,"href":"https:\/\/corrientesdetarde.com\/index.php\/wp-json\/wp\/v2\/media\/230275"}],"wp:attachment":[{"href":"https:\/\/corrientesdetarde.com\/index.php\/wp-json\/wp\/v2\/media?parent=230274"}],"wp:term":[{"taxonomy":"category","embeddable":true,"href":"https:\/\/corrientesdetarde.com\/index.php\/wp-json\/wp\/v2\/categories?post=230274"},{"taxonomy":"post_tag","embeddable":true,"href":"https:\/\/corrientesdetarde.com\/index.php\/wp-json\/wp\/v2\/tags?post=230274"}],"curies":[{"name":"wp","href":"https:\/\/api.w.org\/{rel}","templated":true}]}}