{"id":230277,"date":"2025-10-06T21:14:56","date_gmt":"2025-10-07T00:14:56","guid":{"rendered":"https:\/\/corrientesdetarde.com\/?p=230277"},"modified":"2025-10-06T21:15:08","modified_gmt":"2025-10-07T00:15:08","slug":"corrientes-confirmaron-las-fechas-de-inscripcion-online-para-el-ciclo-lectivo-2026","status":"publish","type":"post","link":"https:\/\/corrientesdetarde.com\/index.php\/actualidad\/corrientes-confirmaron-las-fechas-de-inscripcion-online-para-el-ciclo-lectivo-2026\/","title":{"rendered":"Corrientes: confirmaron las fechas de inscripci\u00f3n online para el ciclo lectivo 2026"},"content":{"rendered":"\n<p>El sistema estar\u00e1 habilitado para todas las familias de la provincia que deseen inscribir a sus hijos en instituciones educativas p\u00fablicas.<\/p>\n\n\n\n<p>El Ministerio de Educaci\u00f3n de la Provincia de Corrientes, a cargo de la ministra Pr\u00e1xedes L\u00f3pez, dio a conocer el cronograma oficial de inscripciones online para el ciclo lectivo 2026. El proceso abarcar\u00e1 los niveles Inicial, Primario y Secundario, y se realizar\u00e1 de manera digital a trav\u00e9s del sitio oficial inscripciones.mec.gob.ar.<\/p>\n\n\n\n<p>El sistema estar\u00e1 habilitado para todas las familias de la provincia que deseen inscribir a sus hijos en instituciones educativas p\u00fablicas.<\/p>\n\n\n\n<p>Cronograma de inscripciones<\/p>\n\n\n\n<p>Nivel Inicial \u2013 Salas de 4 y 5 a\u00f1os: del 3 al 13 de noviembre<br>Nivel Primario \u2013 1\u00b0 grado: del 14 al 24 de noviembre<br>Nivel Secundario \u2013 1\u00b0 a\u00f1o: del 25 de noviembre al 5 de diciembre<br>Desde la cartera educativa se\u00f1alaron que el tr\u00e1mite estar\u00e1 disponible las 24 horas durante el per\u00edodo establecido para cada nivel, y remarcaron la importancia de realizarlo en tiempo y forma, ya que no se contemplar\u00e1n pr\u00f3rrogas fuera del calendario oficial.<\/p>\n\n\n\n<p>Inscripci\u00f3n 100% online<\/p>\n\n\n\n<p>Se recomienda a las familias contar con los datos personales del estudiante, documentaci\u00f3n escaneada en formato digital (como DNI, partida de nacimiento, constancia de CUIL, entre otros), y una conexi\u00f3n estable a internet para completar el proceso sin inconvenientes.<\/p>\n\n\n\n<p>Desde el Ministerio recordaron que no se necesita intermediaci\u00f3n de terceros para realizar el tr\u00e1mite y que habr\u00e1 asistencia virtual y telef\u00f3nica durante los d\u00edas de inscripci\u00f3n para quienes tengan dificultades.<\/p>\n","protected":false},"excerpt":{"rendered":"<p>El sistema estar\u00e1 habilitado para todas las familias de la provincia que deseen inscribir a sus hijos en instituciones educativas p\u00fablicas. El Ministerio de Educaci\u00f3n de la Provincia de Corrientes,&hellip; <\/p>\n","protected":false},"author":4,"featured_media":230278,"comment_status":"closed","ping_status":"open","sticky":false,"template":"","format":"standard","meta":{"footnotes":""},"categories":[23],"tags":[],"class_list":["post-230277","post","type-post","status-publish","format-standard","has-post-thumbnail","hentry","category-actualidad"],"_links":{"self":[{"href":"https:\/\/corrientesdetarde.com\/index.php\/wp-json\/wp\/v2\/posts\/230277","targetHints":{"allow":["GET"]}}],"collection":[{"href":"https:\/\/corrientesdetarde.com\/index.php\/wp-json\/wp\/v2\/posts"}],"about":[{"href":"https:\/\/corrientesdetarde.com\/index.php\/wp-json\/wp\/v2\/types\/post"}],"author":[{"embeddable":true,"href":"https:\/\/corrientesdetarde.com\/index.php\/wp-json\/wp\/v2\/users\/4"}],"replies":[{"embeddable":true,"href":"https:\/\/corrientesdetarde.com\/index.php\/wp-json\/wp\/v2\/comments?post=230277"}],"version-history":[{"count":1,"href":"https:\/\/corrientesdetarde.com\/index.php\/wp-json\/wp\/v2\/posts\/230277\/revisions"}],"predecessor-version":[{"id":230279,"href":"https:\/\/corrientesdetarde.com\/index.php\/wp-json\/wp\/v2\/posts\/230277\/revisions\/230279"}],"wp:featuredmedia":[{"embeddable":true,"href":"https:\/\/corrientesdetarde.com\/index.php\/wp-json\/wp\/v2\/media\/230278"}],"wp:attachment":[{"href":"https:\/\/corrientesdetarde.com\/index.php\/wp-json\/wp\/v2\/media?parent=230277"}],"wp:term":[{"taxonomy":"category","embeddable":true,"href":"https:\/\/corrientesdetarde.com\/index.php\/wp-json\/wp\/v2\/categories?post=230277"},{"taxonomy":"post_tag","embeddable":true,"href":"https:\/\/corrientesdetarde.com\/index.php\/wp-json\/wp\/v2\/tags?post=230277"}],"curies":[{"name":"wp","href":"https:\/\/api.w.org\/{rel}","templated":true}]}}