{"id":230385,"date":"2025-10-07T14:56:12","date_gmt":"2025-10-07T17:56:12","guid":{"rendered":"https:\/\/corrientesdetarde.com\/?p=230385"},"modified":"2025-10-07T14:56:18","modified_gmt":"2025-10-07T17:56:18","slug":"derrumbe-en-el-centro-de-madrid-buscan-a-cuatro-personas-atrapadas-bajo-los-escombros-y-hay-un-herido-grave","status":"publish","type":"post","link":"https:\/\/corrientesdetarde.com\/index.php\/internacionales\/derrumbe-en-el-centro-de-madrid-buscan-a-cuatro-personas-atrapadas-bajo-los-escombros-y-hay-un-herido-grave\/","title":{"rendered":"Derrumbe en el centro de Madrid: buscan a cuatro personas atrapadas bajo los escombros y hay un herido grave"},"content":{"rendered":"\n<p>Un edificio en obra colaps\u00f3 en los alrededores de la plaza de \u00d3pera y la Puerta del Sol. Once dotaciones de bomberos trabajan en el lugar.<\/p>\n\n\n\n<p>Un derrumbe en un edificio en pleno centro de\u00a0<strong>Madrid<\/strong>, capital de Espa\u00f1a, dej\u00f3 a\u00a0<strong>cuatro personas atrapadas bajo los escombros y un herido grave<\/strong>, seg\u00fan confirmaron fuentes de la Polic\u00eda Nacional.<\/p>\n\n\n\n<p>El episodio ocurri\u00f3 este martes en una construcci\u00f3n en obra en la&nbsp;<strong>calle Hileras, a metros de la plaza de \u00d3pera y la Puerta del Sol.<\/strong><\/p>\n\n\n\n<h2 class=\"wp-block-heading\">\u201cEl edificio llevaba mucho tiempo abandonado\u201d<\/h2>\n\n\n\n<p>Trabajadores de comercios dijeron haber escuchado un&nbsp;<strong>\u201cestruendo\u201d<\/strong>&nbsp;y que, enseguida, el aire se llen\u00f3 de&nbsp;<strong>polvo y un olor extra\u00f1o<\/strong>. \u201cSe cay\u00f3 todo el edificio y no podemos pasar. Est\u00e1 lleno de ambulancias y polic\u00edas y no nos dejan entrar\u201d, relat\u00f3 una vecina, todav\u00eda conmocionada.<\/p>\n\n\n\n<figure class=\"wp-block-image\"><img decoding=\"async\" src=\"https:\/\/tn.com.ar\/resizer\/v2\/agentes-de-la-policia-municipal-de-madrid-trabajan-en-el-lugar-junto-a-los-bomberos-foto-reuters-juan-medina-NWJG2RVRLHYC7MG6KA6REXZNDA.jpg?auth=78a49e3502403bd7b3f8aafc1052457e9fb5a0ca6fab1d6dde297265fae2d20b&amp;width=767\" alt=\"Agentes de la Polic\u00eda Municipal de Madrid trabajan en el lugar junto a los bomberos. (Foto: Reuters \/ Juan Medina)\"\/><\/figure>\n\n\n\n<p>Otra residente del barrio asegur\u00f3 que el edificio \u201c<strong>llevaba mucho tiempo abandonado y estaba en obras<\/strong>\u201d. Seg\u00fan su testimonio, hab\u00edan instalado una gr\u00faa de gran tama\u00f1o en el andamio y el plan era convertir el lugar en un hotel, con obras que iban a durar dos a\u00f1os.<\/p>\n\n\n\n<p>\u201cHace media hora not\u00e9 un temblor terrible en la calle y se levant\u00f3 much\u00edsimo polvo enfrente del inmueble, una nube que dej\u00f3 a la gente asustada y confundida\u201d, describi\u00f3.<\/p>\n\n\n\n<p>Fuentes de la investigaci\u00f3n indicaron que&nbsp;<strong>\u201cse han ca\u00eddo al menos seis pisos<\/strong>\u201c.<\/p>\n\n\n\n<p>Once dotaciones de bomberos trabajan en el lugar junto a agentes de la Polic\u00eda Municipal de Madrid. Mientras tanto, la zona permanece completamente cerrada al tr\u00e1nsito y el despliegue de emergencia contin\u00faa.<\/p>\n\n\n\n<p><\/p>\n","protected":false},"excerpt":{"rendered":"<p>Un edificio en obra colaps\u00f3 en los alrededores de la plaza de \u00d3pera y la Puerta del Sol. Once dotaciones de bomberos trabajan en el lugar. Un derrumbe en un&hellip; <\/p>\n","protected":false},"author":8,"featured_media":230386,"comment_status":"closed","ping_status":"open","sticky":false,"template":"","format":"standard","meta":{"footnotes":""},"categories":[11],"tags":[],"class_list":["post-230385","post","type-post","status-publish","format-standard","has-post-thumbnail","hentry","category-internacionales"],"_links":{"self":[{"href":"https:\/\/corrientesdetarde.com\/index.php\/wp-json\/wp\/v2\/posts\/230385","targetHints":{"allow":["GET"]}}],"collection":[{"href":"https:\/\/corrientesdetarde.com\/index.php\/wp-json\/wp\/v2\/posts"}],"about":[{"href":"https:\/\/corrientesdetarde.com\/index.php\/wp-json\/wp\/v2\/types\/post"}],"author":[{"embeddable":true,"href":"https:\/\/corrientesdetarde.com\/index.php\/wp-json\/wp\/v2\/users\/8"}],"replies":[{"embeddable":true,"href":"https:\/\/corrientesdetarde.com\/index.php\/wp-json\/wp\/v2\/comments?post=230385"}],"version-history":[{"count":1,"href":"https:\/\/corrientesdetarde.com\/index.php\/wp-json\/wp\/v2\/posts\/230385\/revisions"}],"predecessor-version":[{"id":230387,"href":"https:\/\/corrientesdetarde.com\/index.php\/wp-json\/wp\/v2\/posts\/230385\/revisions\/230387"}],"wp:featuredmedia":[{"embeddable":true,"href":"https:\/\/corrientesdetarde.com\/index.php\/wp-json\/wp\/v2\/media\/230386"}],"wp:attachment":[{"href":"https:\/\/corrientesdetarde.com\/index.php\/wp-json\/wp\/v2\/media?parent=230385"}],"wp:term":[{"taxonomy":"category","embeddable":true,"href":"https:\/\/corrientesdetarde.com\/index.php\/wp-json\/wp\/v2\/categories?post=230385"},{"taxonomy":"post_tag","embeddable":true,"href":"https:\/\/corrientesdetarde.com\/index.php\/wp-json\/wp\/v2\/tags?post=230385"}],"curies":[{"name":"wp","href":"https:\/\/api.w.org\/{rel}","templated":true}]}}