{"id":230397,"date":"2025-10-07T15:04:48","date_gmt":"2025-10-07T18:04:48","guid":{"rendered":"https:\/\/corrientesdetarde.com\/?p=230397"},"modified":"2025-10-07T15:05:00","modified_gmt":"2025-10-07T18:05:00","slug":"juana-viale-y-su-hija-ambar-de-benedictis-protagonizan-una-elegante-campana-del-dia-de-la-madre","status":"publish","type":"post","link":"https:\/\/corrientesdetarde.com\/index.php\/espectaculos\/juana-viale-y-su-hija-ambar-de-benedictis-protagonizan-una-elegante-campana-del-dia-de-la-madre\/","title":{"rendered":"Juana Viale y su hija \u00c1mbar de Benedictis protagonizan una elegante campa\u00f1a del D\u00eda de la Madre"},"content":{"rendered":"\n<p>Posaron para una perfumer\u00eda con vestidos brillantes en una cama de hotel.<\/p>\n\n\n\n<p>Hace ya algunos a\u00f1os que\u00a0<strong>\u00c1mbar de Benedictis<\/strong>, la hija de\u00a0<strong>Juana Viale<\/strong>, empez\u00f3 a ser un nombre reconocido en la escena del espect\u00e1culo, con el inconfundible parecido a su mam\u00e1 y su presencia cada vez m\u00e1s frecuente en eventos del ambiente.<\/p>\n\n\n\n<p>Ahora, la conductora y su heredera, de 22 a\u00f1os, posaron juntas en una campa\u00f1a del&nbsp;<strong>D\u00eda de la madre&nbsp;<\/strong>elegante y festiva para una reconocida perfumer\u00eda, demostrando su estilo y carisma ante los&nbsp;<em>flashes<\/em>.<\/p>\n\n\n\n<p>En una habitaci\u00f3n de hotel como escenario, se mostraron divertidas sobre una cama de s\u00e1banas blancas con&nbsp;<strong>minivestidos<\/strong>&nbsp;a puro&nbsp;<strong>brillo<\/strong>. Juana Viale llev\u00f3 un modelo&nbsp;<strong>dorado con flecos<\/strong>, estilo Charlest\u00f3n, con breteles finos y falda midi.<\/p>\n\n\n\n<figure class=\"wp-block-image\"><img decoding=\"async\" src=\"https:\/\/tn.com.ar\/resizer\/v2\/juana-viale-y-ambar-de-benedictinos-en-sunueva-campana-por-el-dia-de-la-madre-foto-instagrampermuferiasjuleriaque-MJX5ESE2UJEKXDDFKJGOFD4NNI.jpg?auth=e929afbb9612b263ead2a1ac6c1ed8b1e4f74add4496237318ca81edd65e4509&amp;width=767\" alt=\"Juana Viale y \u00c1mbar de benedictinos en sunueva campa\u00f1a por el D\u00eda de la Madre. (Foto: Instagram\/@permuferiasjuleriaque)\"\/><\/figure>\n\n\n\n<p>\u00c1mbar, en tanto, luci\u00f3 un modelo&nbsp;<strong>negro encorsetado&nbsp;<\/strong>con breteles finos, falda corta con&nbsp;<strong>flecos<\/strong>&nbsp;y&nbsp;<strong>apliques brillantes color oro&nbsp;<\/strong>en todo el talle. Complement\u00f3 la apuesta con&nbsp;<strong>medias de red<\/strong>&nbsp;y&nbsp;<strong>anteojos de sol&nbsp;<\/strong><em><strong>cat eye<\/strong><\/em>, a juego con los de su mam\u00e1.<\/p>\n\n\n\n<figure class=\"wp-block-image\"><img decoding=\"async\" src=\"https:\/\/tn.com.ar\/resizer\/v2\/juana-viale-y-ambar-de-benedictis-en-una-campana-de-perfumes-foto-instagrampermuferiasjuleriaque-5XAKJNCZ7BHGLLI42PEFYHRVLI.jpg?auth=7ff2645e58af3421405a8e1ab97739d11c0c36fc5a93416786a2e67c978d03a7&amp;width=767\" alt=\"Juana Viale y \u00c1mbar de Benedictis en una campa\u00f1a de perfumes. (Foto: Instagram\/@permuferiasjuleriaque)\"\/><\/figure>\n\n\n\n<p>Mientras que la nieta de Mirtha Legrand luci\u00f3 el&nbsp;<strong>pelo suelto, peinado con ondas y raya al medio<\/strong>, \u00c1mbar llev\u00f3 un peinado&nbsp;<strong>recogido<\/strong>&nbsp;con su flequillo corto hacia un costado con efecto&nbsp;<em>wet<\/em>. Las dos complementaron sus looks con<strong>&nbsp;maquillaje minimalista en tonos neutros&nbsp;<\/strong>que incluy\u00f3 m\u00e1scara de pesta\u00f1as y labial&nbsp;<em>nude<\/em>.<\/p>\n\n\n\n<figure class=\"wp-block-image\"><img decoding=\"async\" src=\"https:\/\/tn.com.ar\/resizer\/v2\/juana-viale-junto-a-su-hija-ambar-de-benedictis-en-una-sesion-de-fotos-foto-instagrampermuferiasjuleriaque-KDK6NTAMF5GRBKJOPHGIQAL4MY.jpg?auth=5d433ddce0ca8333f8a47b52eafe878b390a76cba0ec06d8342cb1eb2a0ec69d&amp;width=767\" alt=\"Juana Viale junto a su hija \u00c1mbar de Benedictis en una sesi\u00f3n de fotos. (Foto: Instagram\/@permuferiasjuleriaque)\"\/><\/figure>\n\n\n\n<h2 class=\"wp-block-heading\">Silvestre Valenzuela, el hijo de 17 a\u00f1os de Juana Viale que acapar\u00f3 las miradas<\/h2>\n\n\n\n<p>En entrega del Mart\u00edn Fierro, Silvestre Valenzuela hizo su debut en la alfombra roja acompa\u00f1ando a su mam\u00e1, (nominada en la categor\u00eda de\u00a0<strong>Labor en Conducci\u00f3n Femenina<\/strong>) y a su bisabuela (ternada en la categor\u00eda de<strong>\u00a0Inter\u00e9s General\u00a0<\/strong>por\u00a0<em>La noche de\u00a0Mirtha<\/em>).<\/p>\n\n\n\n<p>El adolescente de 17 a\u00f1os eligi\u00f3 una apuesta de&nbsp;<strong>neosastrer\u00eda&nbsp;<\/strong>elegante y canchera en partes iguales. Llev\u00f3 un&nbsp;<strong>saco negro largo<\/strong>&nbsp;con un<strong>&nbsp;pantal\u00f3n&nbsp;<\/strong><em><strong>oversized<\/strong><\/em><strong>&nbsp;con pinzas.&nbsp;<\/strong>Complement\u00f3 el conjunto con una<strong>&nbsp;corbata azul estampada<\/strong>, un par de<strong>&nbsp;zapatillas negras con franjas blancas<\/strong>&nbsp;y un&nbsp;<strong>cintur\u00f3n de cuero marr\u00f3n.<\/strong><\/p>\n\n\n\n<figure class=\"wp-block-image\"><img decoding=\"async\" src=\"https:\/\/tn.com.ar\/resizer\/v2\/silvestre-valenzuela-hizo-su-debut-en-el-martin-fierro-foto-movilpress-YZE643RXHVDYVIREZ4EYBCR6NQ.jpeg?auth=f7616ceddd4cbc1f9da4e94e3e9e63184ef622feeb83be843b89c5ae849abb68&amp;width=767\" alt=\"Silvestre Valenzuela hizo su debut en el Mart\u00edn Fierro. (Foto: Movilpress)\"\/><\/figure>\n\n\n\n<p>Silvestre se mostr\u00f3 junto al clan Legrand-Viale, que no escatim\u00f3 en&nbsp;<em>glamour<\/em>.&nbsp;<strong>Juana Viale&nbsp;<\/strong>deslumbr\u00f3 con un vestido<em><strong>&nbsp;haute couture&nbsp;<\/strong><\/em>con&nbsp;<strong>escote palabra de honor<\/strong>&nbsp;de&nbsp;<strong>Atelier Gabriel Lage<\/strong>&nbsp;embellecido con&nbsp;<strong>cristales bordados en la cintura&nbsp;<\/strong>y un sensual&nbsp;<strong>tajo lateral.<\/strong><\/p>\n\n\n\n<figure class=\"wp-block-image\"><img decoding=\"async\" src=\"https:\/\/tn.com.ar\/resizer\/v2\/el-hijo-de-juana-viale-en-los-martin-fierro-foto-movilpress-3J7E3XDQHFEGRLEOGHJCTSA5MA.jpg?auth=5b6f7b478dc978221056a644088806e44a4ebbe823e805621ee469f3d7bab974&amp;width=767\" alt=\"El hijo de Juana Viale en los Mart\u00edn Fierro. (Foto: Movilpress)\"\/><\/figure>\n\n\n\n<p><strong>Mirtha Legrand<\/strong>, como de costumbre, se rob\u00f3 las miradas con su habitual&nbsp;<em>glamour<\/em>. La diva de los almuerzos m\u00e1s famosos de la televisi\u00f3n lleg\u00f3 junto a Nacho Viale y Marcela Tinayre luciendo un&nbsp;<strong>vestido de largo completo en un tono plateado claro&nbsp;<\/strong>con&nbsp;<strong>aplicaciones bordadas&nbsp;<\/strong>en forma de&nbsp;<strong>hojas brillantes<\/strong>.<\/p>\n\n\n\n<figure class=\"wp-block-image\"><img decoding=\"async\" src=\"https:\/\/tn.com.ar\/resizer\/v2\/mirtha-legrand-con-vestido-bordado-foto-movilpress-OBKV4U2N6VHEFGSB5DIPIR2XGI.JPG?auth=aa5a56553881ba4380502e667d7655ffa43dbb109d47e4ceafc4cc3880af96fa&amp;width=767\" alt=\"Mirtha Legrand con vestido bordado. (Foto: Movilpress).\"\/><\/figure>\n\n\n\n<p><\/p>\n","protected":false},"excerpt":{"rendered":"<p>Posaron para una perfumer\u00eda con vestidos brillantes en una cama de hotel. Hace ya algunos a\u00f1os que\u00a0\u00c1mbar de Benedictis, la hija de\u00a0Juana Viale, empez\u00f3 a ser un nombre reconocido en&hellip; <\/p>\n","protected":false},"author":8,"featured_media":230398,"comment_status":"closed","ping_status":"open","sticky":false,"template":"","format":"standard","meta":{"footnotes":""},"categories":[19],"tags":[],"class_list":["post-230397","post","type-post","status-publish","format-standard","has-post-thumbnail","hentry","category-espectaculos"],"_links":{"self":[{"href":"https:\/\/corrientesdetarde.com\/index.php\/wp-json\/wp\/v2\/posts\/230397","targetHints":{"allow":["GET"]}}],"collection":[{"href":"https:\/\/corrientesdetarde.com\/index.php\/wp-json\/wp\/v2\/posts"}],"about":[{"href":"https:\/\/corrientesdetarde.com\/index.php\/wp-json\/wp\/v2\/types\/post"}],"author":[{"embeddable":true,"href":"https:\/\/corrientesdetarde.com\/index.php\/wp-json\/wp\/v2\/users\/8"}],"replies":[{"embeddable":true,"href":"https:\/\/corrientesdetarde.com\/index.php\/wp-json\/wp\/v2\/comments?post=230397"}],"version-history":[{"count":1,"href":"https:\/\/corrientesdetarde.com\/index.php\/wp-json\/wp\/v2\/posts\/230397\/revisions"}],"predecessor-version":[{"id":230399,"href":"https:\/\/corrientesdetarde.com\/index.php\/wp-json\/wp\/v2\/posts\/230397\/revisions\/230399"}],"wp:featuredmedia":[{"embeddable":true,"href":"https:\/\/corrientesdetarde.com\/index.php\/wp-json\/wp\/v2\/media\/230398"}],"wp:attachment":[{"href":"https:\/\/corrientesdetarde.com\/index.php\/wp-json\/wp\/v2\/media?parent=230397"}],"wp:term":[{"taxonomy":"category","embeddable":true,"href":"https:\/\/corrientesdetarde.com\/index.php\/wp-json\/wp\/v2\/categories?post=230397"},{"taxonomy":"post_tag","embeddable":true,"href":"https:\/\/corrientesdetarde.com\/index.php\/wp-json\/wp\/v2\/tags?post=230397"}],"curies":[{"name":"wp","href":"https:\/\/api.w.org\/{rel}","templated":true}]}}