{"id":230579,"date":"2025-10-08T16:05:21","date_gmt":"2025-10-08T19:05:21","guid":{"rendered":"https:\/\/corrientesdetarde.com\/?p=230579"},"modified":"2025-10-08T16:05:52","modified_gmt":"2025-10-08T19:05:52","slug":"argentina-vs-nigeria-por-los-octavos-de-final-del-mundial-sub-20","status":"publish","type":"post","link":"https:\/\/corrientesdetarde.com\/index.php\/deportes\/argentina-vs-nigeria-por-los-octavos-de-final-del-mundial-sub-20\/","title":{"rendered":"Argentina vs. Nigeria, por los octavos de final del Mundial Sub 20"},"content":{"rendered":"\n<p>El equipo que dirige Diego Placente comenzar\u00e1 su camino en el cuadro definitivo del torneo que se est\u00e1 disputando en Chile.<\/p>\n\n\n\n<p>La\u00a0<strong>Selecci\u00f3n argentina<\/strong>\u00a0<strong>se enfrenta a Nigeria por los octavos de final del Mundial sub 20<\/strong>. El equipo de Placente termin\u00f3 la fase de grupos puntaje perfecto, producto de tres victorias en las tres fechas que tuvo la etapa inicial del campeonato.<\/p>\n\n\n\n<p>La Albiceleste se medir\u00e1 ante el mismo rival que la elimin\u00f3 en la edici\u00f3n de 2023. El conjunto africano termin\u00f3 fuera de los primeros dos puestos de su zona, pero clasific\u00f3 como uno de los cuatro mejores terceros de la fase inicial.<\/p>\n\n\n\n<figure class=\"wp-block-image\"><img decoding=\"async\" src=\"https:\/\/tn.com.ar\/resizer\/v2\/la-seleccion-argentina-sub-20-fue-eliminada-por-nigeria-en-el-mundial-2023-foto-ap-G2FA6CMAJVDEFO3PNNWVRPUL64.jpg?auth=595bc8c88bd662000d76a892d9dd9d6581d976d31748ba47e16a46c04197163f&amp;width=767\" alt=\"La Selecci\u00f3n argentina Sub 20 fue eliminada por Nigeria en el Mundial 2023. (Foto: AP)\"\/><\/figure>\n\n\n\n<h2 class=\"wp-block-heading\"><strong>La formaci\u00f3n de Selecci\u00f3n Argentina vs. Nigeria, por el Mundial Sub 20<\/strong><\/h2>\n\n\n\n<p>Santino Barbi; Dylan Gorosito, Valente Pierani, Tob\u00edas Ram\u00edrez, Julio Soler; Milton Delgado, Valentino Acu\u00f1a, \u00c1lvaro Montoro; Maher Carrizo, Ian Subiabre, Alejo Sarco. DT: Diego Placente.<\/p>\n\n\n\n<figure class=\"wp-block-image\"><img decoding=\"async\" src=\"https:\/\/tn.com.ar\/resizer\/v2\/la-formacion-de-seleccion-argentina-vs-nigeria-por-el-mundial-sub-20-foto-argentina-NACENIKVGZHYTGZHFXDSDGPW2A.jpeg?auth=6dce8cafadd0604b03e7da84569cfe56107bf36ce5b476e7867e49f78392a2d3&amp;width=767\" alt=\"La formaci\u00f3n de Selecci\u00f3n Argentina vs. Nigeria, por el Mundial Sub 20. (Foto: @Argentina)\"\/><\/figure>\n\n\n\n<h2 class=\"wp-block-heading\"><\/h2>\n\n\n\n<h2 class=\"wp-block-heading\">C\u00f3mo ver a la Selecci\u00f3n argentina contra Nigeria en el Mundial Sub 20<\/h2>\n\n\n\n<p>El partido entre la Selecci\u00f3n argentina y Nigeria por los octavos de final del Mundial sub 20 ser\u00e1 transmitido por Telefe y DSports por TV, mientras que tambi\u00e9n se podr\u00e1 ver por DGO v\u00eda streaming.<\/p>\n\n\n\n<p>El ganador de esta llave enfrentar\u00e1 a&nbsp;<strong>M\u00e9xico&nbsp;<\/strong>en cuartos de final. El Tri dio el golpe y elimin\u00f3 al anfitri\u00f3n, Chile, con una goleada por 4-1 en el \u00faltimo turno del mi\u00e9rcoles.<\/p>\n\n\n\n<p><\/p>\n","protected":false},"excerpt":{"rendered":"<p>El equipo que dirige Diego Placente comenzar\u00e1 su camino en el cuadro definitivo del torneo que se est\u00e1 disputando en Chile. La\u00a0Selecci\u00f3n argentina\u00a0se enfrenta a Nigeria por los octavos de&hellip; <\/p>\n","protected":false},"author":8,"featured_media":230580,"comment_status":"closed","ping_status":"open","sticky":false,"template":"","format":"standard","meta":{"footnotes":""},"categories":[4],"tags":[],"class_list":["post-230579","post","type-post","status-publish","format-standard","has-post-thumbnail","hentry","category-deportes"],"_links":{"self":[{"href":"https:\/\/corrientesdetarde.com\/index.php\/wp-json\/wp\/v2\/posts\/230579","targetHints":{"allow":["GET"]}}],"collection":[{"href":"https:\/\/corrientesdetarde.com\/index.php\/wp-json\/wp\/v2\/posts"}],"about":[{"href":"https:\/\/corrientesdetarde.com\/index.php\/wp-json\/wp\/v2\/types\/post"}],"author":[{"embeddable":true,"href":"https:\/\/corrientesdetarde.com\/index.php\/wp-json\/wp\/v2\/users\/8"}],"replies":[{"embeddable":true,"href":"https:\/\/corrientesdetarde.com\/index.php\/wp-json\/wp\/v2\/comments?post=230579"}],"version-history":[{"count":1,"href":"https:\/\/corrientesdetarde.com\/index.php\/wp-json\/wp\/v2\/posts\/230579\/revisions"}],"predecessor-version":[{"id":230581,"href":"https:\/\/corrientesdetarde.com\/index.php\/wp-json\/wp\/v2\/posts\/230579\/revisions\/230581"}],"wp:featuredmedia":[{"embeddable":true,"href":"https:\/\/corrientesdetarde.com\/index.php\/wp-json\/wp\/v2\/media\/230580"}],"wp:attachment":[{"href":"https:\/\/corrientesdetarde.com\/index.php\/wp-json\/wp\/v2\/media?parent=230579"}],"wp:term":[{"taxonomy":"category","embeddable":true,"href":"https:\/\/corrientesdetarde.com\/index.php\/wp-json\/wp\/v2\/categories?post=230579"},{"taxonomy":"post_tag","embeddable":true,"href":"https:\/\/corrientesdetarde.com\/index.php\/wp-json\/wp\/v2\/tags?post=230579"}],"curies":[{"name":"wp","href":"https:\/\/api.w.org\/{rel}","templated":true}]}}