{"id":230783,"date":"2025-10-09T15:41:54","date_gmt":"2025-10-09T18:41:54","guid":{"rendered":"https:\/\/corrientesdetarde.com\/?p=230783"},"modified":"2025-10-09T15:42:01","modified_gmt":"2025-10-09T18:42:01","slug":"israel-advirtio-que-no-liberara-a-miembros-de-hamas-que-participaron-del-ataque-del-7-de-octubre","status":"publish","type":"post","link":"https:\/\/corrientesdetarde.com\/index.php\/internacionales\/israel-advirtio-que-no-liberara-a-miembros-de-hamas-que-participaron-del-ataque-del-7-de-octubre\/","title":{"rendered":"Israel advirti\u00f3 que no liberar\u00e1 a miembros de Hamas que participaron del ataque del 7 de octubre"},"content":{"rendered":"\n<p>El pacto de paz acordado prev\u00e9 la excarcelaci\u00f3n de 1950 palestinos y la liberaci\u00f3n de rehenes israel\u00edes, pero excluye a l\u00edderes hist\u00f3ricos y a los responsables del ataque que desencaden\u00f3 la guerra en Gaza.<\/p>\n\n\n\n<p>El esperado\u00a0<strong>acuerdo de paz entre Israel y Hamas<\/strong>\u00a0ya tiene sus primeras definiciones concretas:\u00a0<strong>1950 presos palestinos ser\u00e1n liberados<\/strong>\u00a0a cambio de la entrega de los\u00a0<strong>rehenes israel\u00edes<\/strong>\u00a0que a\u00fan permanecen en la Franja de Gaza.<\/p>\n\n\n\n<p>Sin embargo, el pacto deja afuera a los nombres m\u00e1s resonantes del movimiento palestino y a los responsables directos del ataque del 7 de octubre.<\/p>\n\n\n\n<p>Se cree que una veintena de los 48 cautivos est\u00e1n en Gaza con vida. Entre ellos,\u00a0<strong>hay tres argentinos: Eitan Horn y Ariel y David Cunio<\/strong>. Tambi\u00e9n est\u00e1 en el territorio palestino el cuerpo de\u00a0<strong>Lior Rudaeff<\/strong>, asesinado en el ataque del grupo isl\u00e1mico el 7 de octubre de 2023.<\/p>\n\n\n\n<h2 class=\"wp-block-heading\">Qui\u00e9nes no ser\u00e1n liberados en el canje de prisioneros<\/h2>\n\n\n\n<p>Seg\u00fan confirmaron este jueves fuentes de la organizaci\u00f3n terrorista palestina,&nbsp;<strong>no habr\u00e1 miembros de las brigadas que participaron en los ataques del 7 de octubre<\/strong>, que dejaron m\u00e1s de&nbsp;<strong>1200 muertos<\/strong>,ni l\u00edderes hist\u00f3ricos como&nbsp;<strong>Marwan Barghouti<\/strong>&nbsp;entre los liberados.<\/p>\n\n\n\n<p>Tampoco estar\u00e1n incluidos en el intercambio otros presos emblem\u00e1ticos como&nbsp;<strong>Ahmed Sadat, Hasan Salameh y Ab\u00e1s al Sayed<\/strong>, figuras que&nbsp;<strong>Hamas exigi\u00f3 liberar durante todo el proceso negociador<\/strong>. La exclusi\u00f3n de estos nombres fue uno de los puntos m\u00e1s discutidos en las conversaciones.<\/p>\n\n\n\n<figure class=\"wp-block-image\"><img decoding=\"async\" src=\"https:\/\/tn.com.ar\/resizer\/v2\/el-acuerdo-debe-ser-aprobado-por-el-gabinete-israeli-foto-reutersammar-awad-4Y5EUTJKT2VDXWQCR5AXLDDBUU.jpg?auth=a8a0fff50359a23856bf059e4d8996b652c722600f56988e9435b5f1163ac045&amp;width=767\" alt=\"El acuerdo debe ser aprobado por el gabinete israel\u00ed. (Foto: REUTERS\/Ammar Awad).\"\/><\/figure>\n\n\n\n<p>Barghouti, de 67 a\u00f1os, es uno de los l\u00edderes m\u00e1s populares entre los palestinos y muchos lo ven como un posible sucesor de&nbsp;<strong>Mahmud Ab\u00e1s<\/strong>, actual presidente de la Autoridad Nacional Palestina. El dirigente de Fatah fue detenido en 2002 durante la segunda Intifada y cumple condena en Israel, acusado de v\u00ednculos con un ataque mortal, aunque \u00e9l siempre neg\u00f3 su participaci\u00f3n.<\/p>\n\n\n\n<h2 class=\"wp-block-heading\">C\u00f3mo ser\u00e1 la implementaci\u00f3n del acuerdo de paz<\/h2>\n\n\n\n<p>El mandatario estadounidense&nbsp;<strong>Donald Trump<\/strong>&nbsp;anunci\u00f3 en su red social Truth Social que \u201cTODOS los rehenes ser\u00e1n liberados pronto e Israel retirar\u00e1 sus tropas a una l\u00ednea acordada, como los primeros pasos hacia una paz fuerte, duradera y eterna\u201d.<\/p>\n\n\n\n<p>El alto el fuego en la&nbsp;<strong>Franja de Gaza<\/strong>&nbsp;entrar\u00e1 en vigor una vez que el Gobierno israel\u00ed apruebe el acuerdo alcanzado en Egipto. La reuni\u00f3n clave del gabinete de&nbsp;<strong>Benjam\u00edn Netanyahu<\/strong>&nbsp;est\u00e1 prevista para las 18 hora local en Jerusal\u00e9n.<\/p>\n\n\n\n<p>Una vez ratificado el plan, el&nbsp;<strong>Ej\u00e9rcito israel\u00ed tendr\u00e1 24 horas para retirarse hasta la \u201cl\u00ednea amarilla\u201d<\/strong>&nbsp;estipulada en el acuerdo. Solo despu\u00e9s de ese movimiento comenzar\u00e1 a correr el plazo de 72 horas para la&nbsp;<strong>liberaci\u00f3n de los alrededor de 20 rehenes israel\u00edes vivos<\/strong>&nbsp;que siguen en Gaza. Se espera que este proceso se concrete entre el domingo y el lunes.<\/p>\n\n\n\n<p>Como parte del pacto,&nbsp;<strong>Israel deber\u00e1 liberar a 1950 prisioneros palestinos<\/strong>: unos&nbsp;<strong>250 condenados a cadena perpetua y otros 1700 detenidos en la Franja de Gaza<\/strong>, seg\u00fan detall\u00f3 un miembro de Hamas.<\/p>\n\n\n\n<p>El acuerdo prev\u00e9 igualmente el \u201cretiro programado de las tropas israel\u00edes\u201d, junto con la\u00a0<strong>entrada de ayuda humanitaria<\/strong>\u00a0a la Franja de Gaza, que seg\u00fan la ONU padece una\u00a0<strong>situaci\u00f3n de hambruna<\/strong>.<\/p>\n\n\n\n<p>Se estima que&nbsp;<strong>entrar\u00e1n a diario al menos 400 camiones de ayuda humanitaria<\/strong>&nbsp;a la Franja de Gaza los primeros cinco d\u00edas despu\u00e9s del cese el fuego, y que esto aumente con el pasar de los d\u00edas, dijo una fuente del movimiento islamista.<\/p>\n\n\n\n<p>Tambi\u00e9n prev\u00e9 el \u201cregreso de las personas desplazadas\u201d al sur de la Franja de Gaza a Ciudad de Gaza y otras localidades del norte del territorio palestino.<\/p>\n\n\n\n<figure class=\"wp-block-image\"><img decoding=\"async\" src=\"https:\/\/tn.com.ar\/resizer\/v2\/palestinos-celebran-tras-el-anuncio-de-que-israel-y-hamas-han-acordado-la-primera-fase-de-un-plan-de-paz-para-detener-los-combates-en-jan-yunis-en-el-sur-de-la-franja-de-gaza-el-jueves-9-de-octubre-de-2025-foto-apjehad-alshrafi-AEY3EQ7YGYJWMT7ES6DDU5XESU.jpg?auth=729893a38aae54d6da4c8b8908fb537bd8df686f06db837384d36f2f2819f469&amp;width=767\" alt=\"Palestinos celebran tras el anuncio de que Israel y Hamas han acordado la primera fase de un plan de paz para detener los combates, en Jan Yunis, en el sur de la Franja de Gaza, el jueves 9 de octubre de 2025. (Foto: AP\/Jehad Alshrafi).\"\/><\/figure>\n\n\n\n<h2 class=\"wp-block-heading\">El mensaje de Hamas tras el anuncio<\/h2>\n\n\n\n<p>Tras la confirmaci\u00f3n del acuerdo,&nbsp;<strong>Hamas emiti\u00f3 un comunicado<\/strong>&nbsp;en el que destac\u00f3 que, \u201ctras negociaciones responsables y serias\u201d en torno a la propuesta del presidente de Estados Unidos,&nbsp;<strong>Donald Trump<\/strong>, las partes lograron un entendimiento que implica el&nbsp;<strong>\u201cfin a la guerra de exterminio\u201d<\/strong>&nbsp;contra el pueblo palestino y la \u201cretirada de la ocupaci\u00f3n de la Franja de Gaza\u201d.<\/p>\n\n\n\n<h2 class=\"wp-block-heading\">Temas pendientes<\/h2>\n\n\n\n<p>El\u00a0plan de 20 puntos\u00a0establecido por Trump, que sirvi\u00f3 de base para las negociaciones, estipula el\u00a0<strong>desarme de Hamas\u00a0<\/strong>y que Gaza sea gobernada despu\u00e9s de la guerra por una autoridad de transici\u00f3n encabezada por \u00e9l mismo.<\/p>\n\n\n\n<p>Estas cuestiones no fueron abordadas a\u00fan.<\/p>\n\n\n\n<p>El presidente de la Autoridad Palestina, Mahmud Ab\u00e1s, expres\u00f3 este jueves su esperanza de que el acuerdo pueda conducir al establecimiento de un Estado palestino independiente. El primer ministro israel\u00ed, Benjamin Netanyahu, y los miembros de su coalici\u00f3n de gobierno est\u00e1n en contra de la soluci\u00f3n de dos Estados.<\/p>\n\n\n\n<p>Una fuente de Hamas dijo que las negociaciones para la segunda fase del cese el fuego deber\u00edan empezar \u201cinmediatamente\u201d.<\/p>\n\n\n\n<p><\/p>\n","protected":false},"excerpt":{"rendered":"<p>El pacto de paz acordado prev\u00e9 la excarcelaci\u00f3n de 1950 palestinos y la liberaci\u00f3n de rehenes israel\u00edes, pero excluye a l\u00edderes hist\u00f3ricos y a los responsables del ataque que desencaden\u00f3&hellip; <\/p>\n","protected":false},"author":8,"featured_media":230784,"comment_status":"closed","ping_status":"open","sticky":false,"template":"","format":"standard","meta":{"footnotes":""},"categories":[11],"tags":[],"class_list":["post-230783","post","type-post","status-publish","format-standard","has-post-thumbnail","hentry","category-internacionales"],"_links":{"self":[{"href":"https:\/\/corrientesdetarde.com\/index.php\/wp-json\/wp\/v2\/posts\/230783","targetHints":{"allow":["GET"]}}],"collection":[{"href":"https:\/\/corrientesdetarde.com\/index.php\/wp-json\/wp\/v2\/posts"}],"about":[{"href":"https:\/\/corrientesdetarde.com\/index.php\/wp-json\/wp\/v2\/types\/post"}],"author":[{"embeddable":true,"href":"https:\/\/corrientesdetarde.com\/index.php\/wp-json\/wp\/v2\/users\/8"}],"replies":[{"embeddable":true,"href":"https:\/\/corrientesdetarde.com\/index.php\/wp-json\/wp\/v2\/comments?post=230783"}],"version-history":[{"count":1,"href":"https:\/\/corrientesdetarde.com\/index.php\/wp-json\/wp\/v2\/posts\/230783\/revisions"}],"predecessor-version":[{"id":230785,"href":"https:\/\/corrientesdetarde.com\/index.php\/wp-json\/wp\/v2\/posts\/230783\/revisions\/230785"}],"wp:featuredmedia":[{"embeddable":true,"href":"https:\/\/corrientesdetarde.com\/index.php\/wp-json\/wp\/v2\/media\/230784"}],"wp:attachment":[{"href":"https:\/\/corrientesdetarde.com\/index.php\/wp-json\/wp\/v2\/media?parent=230783"}],"wp:term":[{"taxonomy":"category","embeddable":true,"href":"https:\/\/corrientesdetarde.com\/index.php\/wp-json\/wp\/v2\/categories?post=230783"},{"taxonomy":"post_tag","embeddable":true,"href":"https:\/\/corrientesdetarde.com\/index.php\/wp-json\/wp\/v2\/tags?post=230783"}],"curies":[{"name":"wp","href":"https:\/\/api.w.org\/{rel}","templated":true}]}}