{"id":230795,"date":"2025-10-09T16:12:05","date_gmt":"2025-10-09T19:12:05","guid":{"rendered":"https:\/\/corrientesdetarde.com\/?p=230795"},"modified":"2025-10-09T16:12:20","modified_gmt":"2025-10-09T19:12:20","slug":"todos-los-beckham-menos-brooklyn-estuvieron-en-la-alfombra-roja-de-la-serie-de-victoria","status":"publish","type":"post","link":"https:\/\/corrientesdetarde.com\/index.php\/tendencias\/todos-los-beckham-menos-brooklyn-estuvieron-en-la-alfombra-roja-de-la-serie-de-victoria\/","title":{"rendered":"Todos los Beckham, menos Brooklyn, estuvieron en la alfombra roja de la serie de Victoria"},"content":{"rendered":"\n<p>David Beckham y sus tres hijos menores acompa\u00f1aron a la dise\u00f1adora en el estreno de su documental, pero la ausencia del mayor de los hermanos aviv\u00f3 rumores de un enfrentamiento.<\/p>\n\n\n\n<p>Reyes del futbol y la moda,\u00a0<strong>David y Victoria Beckham<\/strong>\u00a0son una de las parejas m\u00e1s queridas y exitosas de la escena internacional. As\u00ed como hace dos a\u00f1os el exfutbolista estren\u00f3 su propia serie documental en Netflix, ahora le lleg\u00f3 el turno a la dise\u00f1adora de modas.<\/p>\n\n\n\n<p>Victoria, la gran protagonista de la noche, llev\u00f3 un<strong>&nbsp;conjunto&nbsp;<\/strong><em><strong>off<\/strong><\/em><em><strong>white<\/strong><\/em>de blusa con&nbsp;<strong>escote en V&nbsp;<\/strong>y&nbsp;<strong>falda l\u00e1piz con un gran tajo<\/strong>&nbsp;lateral. Complement\u00f3 el vestuario con un blazer estructurado con hombreras y&nbsp;<strong>sandalias mule negras.<\/strong><\/p>\n\n\n\n<figure class=\"wp-block-image\"><img decoding=\"async\" src=\"https:\/\/tn.com.ar\/resizer\/v2\/victoria-beckham-en-la-premiere-de-su-documental-foto-reutersjaimi-joy-WRHTFD4IE5NZE4NO5ZJ22VOIAQ.jpg?auth=421f797a42b44021fe039001a0b5f74b0f52a5be777f52e3827c3197f9dedfa5&amp;width=767\" alt=\"Victoria Beckham en la premiere de su documental. (Foto: REUTERS\/Jaimi Joy)\"\/><\/figure>\n\n\n\n<p><strong>David Beckham,<\/strong>&nbsp;que siempre le demuestra su apoyo a su esposa, apost\u00f3 a la elegancia de un&nbsp;<strong>ambo negro b\u00e1sico&nbsp;<\/strong>con una&nbsp;<strong>camisa blanca con rayas diplom\u00e1ticas.&nbsp;<\/strong>Los detalles finales fueron un pa\u00f1uelo marr\u00f3n en el bolsillo del saco y mocasines negros acharolados.<\/p>\n\n\n\n<figure class=\"wp-block-image\"><img decoding=\"async\" src=\"https:\/\/tn.com.ar\/resizer\/v2\/david-beckham-acompano-a-victoria-en-el-estreno-de-su-serie-foto-instagramvictoriabeckham-GYYW3FINABHINESANBN3XELXJM.jpg?auth=c091ffc4a4d0bbc5606be81ab16b4e9e8ddc85ffe9fcd18d1f77ba7dbda691b1&amp;width=767\" alt=\"David Beckham acompa\u00f1\u00f3 a Victoria en el estreno de su serie. (Foto: Instagram\/@victoriabeckham)\"\/><\/figure>\n\n\n\n<p><strong>Romeo Beckham<\/strong>, el var\u00f3n del medio de la pareja, se mostr\u00f3 al tono con su mam\u00e1 con un&nbsp;<strong>ambo&nbsp;<\/strong><em><strong>off<\/strong><\/em><em><strong>White<\/strong><\/em>de saco cruzado y pantal\u00f3n levemente ancho. Lo combin\u00f3 con una remera b\u00e1sica blanca y calzado de cuero negro.<\/p>\n\n\n\n<figure class=\"wp-block-image\"><img decoding=\"async\" src=\"https:\/\/tn.com.ar\/resizer\/v2\/jackie-apostel-cruz-beckham-romeo-beckham-harper-beckham-victoria-beckham-y-david-beckham-deslumbraron-en-la-noche-de-estreno-foto-reutersjaimi-joy-5QRJDOHAT4F433BFQFGVQJCJDQ.jpg?auth=6faf9b1ab20f1a4f6c70cbbd195b73d0ecd99026993661e3bef525cecaa337c5&amp;width=767\" alt=\"Jackie Apostel, Cruz Beckham, Romeo Beckham, Harper Beckham, Victoria Beckham y David Beckham deslumbraron en la noche de estreno. (Foto: REUTERS\/Jaimi Joy)\"\/><\/figure>\n\n\n\n<p>Su hermano menor&nbsp;<strong>Cruz Beckham<\/strong>&nbsp;eligi\u00f3 un<strong>&nbsp;ambo negro holgado<\/strong>&nbsp;combinado con&nbsp;<strong>camisa celeste<\/strong>, corbata bord\u00f3 y cintur\u00f3n de cuero negro. Estuvo acompa\u00f1ado por su novia, la compositora&nbsp;<strong>Jackie Apostel<\/strong>, que llev\u00f3 un traje negro con el saco esmoquin abierto, que dej\u00f3 a la vista un&nbsp;<strong>corpi\u00f1o de encaje floral tambi\u00e9n negro<\/strong>, a juego con el culotte que sobresal\u00eda del pantal\u00f3n.<\/p>\n\n\n\n<p>Por \u00faltimo, Harper Seven, la menor de la familia, llev\u00f3 un\u00a0<strong>vestido negro\u00a0<\/strong>de\u00a0<strong>escote coraz\u00f3n<\/strong>\u00a0<em><strong>strapless<\/strong><\/em>\u00a0con una minicartera baguette y sandalias de tiras al tono. El gran ausente de la noche fue\u00a0<strong>Brooklyn Beckham<\/strong>, el hijo mayor del matrimonio (que est\u00e1 casado con la actriz Nicola Peltz), alimentando los rumores de que la relaci\u00f3n con sus padres no pasa por su mejor momento.<\/p>\n\n\n\n<figure class=\"wp-block-image\"><img decoding=\"async\" src=\"https:\/\/tn.com.ar\/resizer\/v2\/harper-beckham-junto-a-sus-papas-victoria-y-david-foto-reutersjaimi-joy-EP22C6EFGPHAGYXXCOQ4FQXNA4.jpg?auth=40998994e70c5895414baca849562015eaf57023c3788013558ef7a976435cbe&amp;width=767\" alt=\"Harper Beckham junto a sus pap\u00e1s Victoria y David. (Foto: REUTERS\/Jaimi Joy)\"\/><\/figure>\n\n\n\n<h2 class=\"wp-block-heading\">El documental de Victoria Beckham<\/h2>\n\n\n\n<p><strong>Victoria Beckham<\/strong>&nbsp;se sincera sobre el recorrido de una chica que \u201cquer\u00eda desesperadamente ser amada\u201d en el documental de Netflix que se estrena este jueves.&nbsp;<strong>Mrs. Beckham<\/strong>&nbsp;acaba de presentar su \u00faltima colecci\u00f3n verano 2026 en la semana de la moda de Par\u00eds.<\/p>\n\n\n\n<p>En este documental, titulado simplemente<em>&nbsp;Victoria Beckham&nbsp;<\/em>la brit\u00e1nica, habitualmente&nbsp;<strong>percibida como fr\u00eda y distante<\/strong>, se abre sobre su trayectoria y \u201clos altibajos\u201d que la han formado, resume la propia protagonista en Instagram.<\/p>\n\n\n\n<figure class=\"wp-block-image\"><img decoding=\"async\" src=\"https:\/\/tn.com.ar\/resizer\/v2\/victoria-beckham-al-finalizar-su-ultimo-desfile-en-paris-foto-reutersgonzalo-fuentes-USYWJ2CFA3UQGOEAA7WKCRVQRM.jpg?auth=c5b573cf4d9afca5be8a0fd9eae18ba972c282ae2f67090aef61fad90a251284&amp;width=767\" alt=\"Victoria Beckham al finalizar su \u00faltimo desfile en Par\u00eds. (Foto: REUTERS\/Gonzalo Fuentes)\"\/><\/figure>\n\n\n\n<p>\u201cLa gente pensaba que yo era una estirada que nunca sonre\u00eda. Pero sonr\u00edo. \u00a1No se sorprendan!\u201d, dice con humor en el tr\u00e1iler oficial del documental.<\/p>\n\n\n\n<p>La empresaria de 51 a\u00f1os se describe como una \u201cni\u00f1a torpe\u201d que \u201cquer\u00eda desesperadamente ser amada\u201d, y relata&nbsp;<strong>su dif\u00edcil entrada en el mundo de la moda&nbsp;<\/strong>tras la disoluci\u00f3n de las Spice Girls.<\/p>\n\n\n\n<figure class=\"wp-block-image\"><img decoding=\"async\" src=\"https:\/\/tn.com.ar\/resizer\/v2\/la-foto-de-david-beckham-junto-a-victoria-y-sus-hijos-romeo-cruz-y-harper-que-anticipo-la-crisis-familiar-foto-davidbeckhamig-BH2BJG57NFAC5H5G4JGNP7YANY.jpg?auth=bd2f31cf34d7c158f6910b986362fa1e462380b538bdd033740f1796983a573e&amp;width=767\" alt=\"La foto de David Beckham junto a Victoria y sus hijos Romeo, Cruz y Harper, que anticip\u00f3 la crisis familiar. (Foto: davidbeckham\/IG)\"\/><\/figure>\n\n\n\n<p>\u201cLa gente pensaba: es una estrella del pop, se cas\u00f3 con un futbolista, \u00bfqui\u00e9n se cree que es?\u201d, cuenta la ex cantante, madre de cuatro hijos, esposa del igualmente c\u00e9lebre exfutbolista&nbsp;<strong>David Beckham<\/strong>, y hoy&nbsp;<strong>reconocida dise\u00f1adora al frente de un imperio valorado en varias decenas de millones de d\u00f3lares.<\/strong><\/p>\n\n\n\n<p>Figuras emblem\u00e1ticas de la moda, como la exdirectora del&nbsp;<em>Vogue<\/em>&nbsp;americano&nbsp;<strong>Anna Wintour<\/strong>&nbsp;o el dise\u00f1ador&nbsp;<strong>Tom Ford<\/strong>&nbsp;hablan en la serie, producida por Studio 99, la empresa de su marido, David Beckham.<\/p>\n\n\n\n<p>La serie llega&nbsp;<strong>dos a\u00f1os despu\u00e9s del documental de Netflix dedicado a David Beckham<\/strong>, que bati\u00f3 r\u00e9cords de audiencia en el Reino Unido, seg\u00fan la plataforma.<\/p>\n\n\n\n<p><\/p>\n","protected":false},"excerpt":{"rendered":"<p>David Beckham y sus tres hijos menores acompa\u00f1aron a la dise\u00f1adora en el estreno de su documental, pero la ausencia del mayor de los hermanos aviv\u00f3 rumores de un enfrentamiento.&hellip; <\/p>\n","protected":false},"author":8,"featured_media":230796,"comment_status":"closed","ping_status":"open","sticky":false,"template":"","format":"standard","meta":{"footnotes":""},"categories":[28],"tags":[],"class_list":["post-230795","post","type-post","status-publish","format-standard","has-post-thumbnail","hentry","category-tendencias"],"_links":{"self":[{"href":"https:\/\/corrientesdetarde.com\/index.php\/wp-json\/wp\/v2\/posts\/230795","targetHints":{"allow":["GET"]}}],"collection":[{"href":"https:\/\/corrientesdetarde.com\/index.php\/wp-json\/wp\/v2\/posts"}],"about":[{"href":"https:\/\/corrientesdetarde.com\/index.php\/wp-json\/wp\/v2\/types\/post"}],"author":[{"embeddable":true,"href":"https:\/\/corrientesdetarde.com\/index.php\/wp-json\/wp\/v2\/users\/8"}],"replies":[{"embeddable":true,"href":"https:\/\/corrientesdetarde.com\/index.php\/wp-json\/wp\/v2\/comments?post=230795"}],"version-history":[{"count":1,"href":"https:\/\/corrientesdetarde.com\/index.php\/wp-json\/wp\/v2\/posts\/230795\/revisions"}],"predecessor-version":[{"id":230797,"href":"https:\/\/corrientesdetarde.com\/index.php\/wp-json\/wp\/v2\/posts\/230795\/revisions\/230797"}],"wp:featuredmedia":[{"embeddable":true,"href":"https:\/\/corrientesdetarde.com\/index.php\/wp-json\/wp\/v2\/media\/230796"}],"wp:attachment":[{"href":"https:\/\/corrientesdetarde.com\/index.php\/wp-json\/wp\/v2\/media?parent=230795"}],"wp:term":[{"taxonomy":"category","embeddable":true,"href":"https:\/\/corrientesdetarde.com\/index.php\/wp-json\/wp\/v2\/categories?post=230795"},{"taxonomy":"post_tag","embeddable":true,"href":"https:\/\/corrientesdetarde.com\/index.php\/wp-json\/wp\/v2\/tags?post=230795"}],"curies":[{"name":"wp","href":"https:\/\/api.w.org\/{rel}","templated":true}]}}