{"id":230880,"date":"2025-10-10T12:23:30","date_gmt":"2025-10-10T15:23:30","guid":{"rendered":"https:\/\/corrientesdetarde.com\/?p=230880"},"modified":"2025-10-10T12:23:42","modified_gmt":"2025-10-10T15:23:42","slug":"san-martin-de-los-andes-epicentro-de-debate-entre-los-agrimensores","status":"publish","type":"post","link":"https:\/\/corrientesdetarde.com\/index.php\/actualidad\/san-martin-de-los-andes-epicentro-de-debate-entre-los-agrimensores\/","title":{"rendered":"SAN MART\u00cdN DE LOS ANDES, EPICENTRO DE DEBATE ENTRE LOS AGRIMENSORES"},"content":{"rendered":"\n<p>Autoridades nacionales de la Agrimensura visitar\u00e1n la ciudad para participar de las Jornadas de Capacitaci\u00f3n en Georreferenciaci\u00f3n.<\/p>\n\n\n\n<p>La ciudad de San Mart\u00edn de los Andes se prepara para recibir a destacadas autoridades nacionales del sector de la Agrimensura en el marco de las Jornadas de Capacitaci\u00f3n en Georreferenciaci\u00f3n, organizadas por el Colegio Profesional de Agrimensura de la Provincia del Neuqu\u00e9n (CPA), y con el auspicio del Instituto Geogr\u00e1fico Nacional, la Federaci\u00f3n Argentina de Agrimensura y la Academia Nacional de Agrimensura.<\/p>\n\n\n\n<p>El encuentro se desarrollar\u00e1 los d\u00edas jueves 16 y viernes 17 de octubre en el Auditorio del Hotel Le Village, sito en la calle Gral. Roca 816, con modalidad presencial y virtual.<\/p>\n\n\n\n<p>El evento contar\u00e1 con la participaci\u00f3n de figuras reconocidas a nivel nacional, entre ellas el Agrimensor Sergio Cimbaro, presidente de la Academia Nacional de Agrimensura y Director de Geodesia del Instituto Geogr\u00e1fico Nacional (IGN); el Ingeniero Agrimensor Jorge Soria, titular de la Federaci\u00f3n Argentina de Agrimensura (FADA) y el Ingeniero Agrimensor Juan Pablo Parola, Jefe del Departamento de Geodesia DPCeIT, entre otras.<\/p>\n\n\n\n<p>Durante las dos jornadas, los especialistas abordar\u00e1n temas vinculados a los sistemas y marcos de referencia geod\u00e9sicos (POSGAR 07), los servicios de posicionamiento del IGN (RAMSAC, PPP-Ar, GEOIDE-Ar, VEL-Ar), los sistemas de proyecci\u00f3n cartogr\u00e1ficos y la importancia de la georreferenciaci\u00f3n parcelaria y jur\u00eddica en el desarrollo territorial.<\/p>\n\n\n\n<p>El encuentro comenzar\u00e1 el jueves 16 con un homenaje a los agrimensores locales en la sede de la delegaci\u00f3n San Mart\u00edn de los Andes del CPA, seguido del acto de apertura oficial*, a cargo de autoridades provinciales y nacionales.<\/p>\n\n\n\n<p>La capacitaci\u00f3n est\u00e1 dirigida a profesionales, estudiantes y p\u00fablico interesado, y busca actualizar conocimientos t\u00e9cnicos y normativos en un contexto donde la georreferenciaci\u00f3n se vuelve cada vez m\u00e1s relevante para el ordenamiento territorial, la gesti\u00f3n catastral y la seguridad jur\u00eddica de la propiedad.<\/p>\n\n\n\n<p>Las inscripciones estar\u00e1n abiertas con cupos limitados para la modalidad presencial.<\/p>\n\n\n\n<p>Los interesados pueden inscribirse a trav\u00e9s del siguiente enlace: https:\/\/forms.gle\/3PnsjLvGuadznhxx5<br>Consultas: administracion@cpanqn.org<\/p>\n","protected":false},"excerpt":{"rendered":"<p>Autoridades nacionales de la Agrimensura visitar\u00e1n la ciudad para participar de las Jornadas de Capacitaci\u00f3n en Georreferenciaci\u00f3n. La ciudad de San Mart\u00edn de los Andes se prepara para recibir a&hellip; <\/p>\n","protected":false},"author":11,"featured_media":230881,"comment_status":"closed","ping_status":"open","sticky":false,"template":"","format":"standard","meta":{"footnotes":""},"categories":[23],"tags":[],"class_list":["post-230880","post","type-post","status-publish","format-standard","has-post-thumbnail","hentry","category-actualidad"],"_links":{"self":[{"href":"https:\/\/corrientesdetarde.com\/index.php\/wp-json\/wp\/v2\/posts\/230880","targetHints":{"allow":["GET"]}}],"collection":[{"href":"https:\/\/corrientesdetarde.com\/index.php\/wp-json\/wp\/v2\/posts"}],"about":[{"href":"https:\/\/corrientesdetarde.com\/index.php\/wp-json\/wp\/v2\/types\/post"}],"author":[{"embeddable":true,"href":"https:\/\/corrientesdetarde.com\/index.php\/wp-json\/wp\/v2\/users\/11"}],"replies":[{"embeddable":true,"href":"https:\/\/corrientesdetarde.com\/index.php\/wp-json\/wp\/v2\/comments?post=230880"}],"version-history":[{"count":1,"href":"https:\/\/corrientesdetarde.com\/index.php\/wp-json\/wp\/v2\/posts\/230880\/revisions"}],"predecessor-version":[{"id":230882,"href":"https:\/\/corrientesdetarde.com\/index.php\/wp-json\/wp\/v2\/posts\/230880\/revisions\/230882"}],"wp:featuredmedia":[{"embeddable":true,"href":"https:\/\/corrientesdetarde.com\/index.php\/wp-json\/wp\/v2\/media\/230881"}],"wp:attachment":[{"href":"https:\/\/corrientesdetarde.com\/index.php\/wp-json\/wp\/v2\/media?parent=230880"}],"wp:term":[{"taxonomy":"category","embeddable":true,"href":"https:\/\/corrientesdetarde.com\/index.php\/wp-json\/wp\/v2\/categories?post=230880"},{"taxonomy":"post_tag","embeddable":true,"href":"https:\/\/corrientesdetarde.com\/index.php\/wp-json\/wp\/v2\/tags?post=230880"}],"curies":[{"name":"wp","href":"https:\/\/api.w.org\/{rel}","templated":true}]}}