{"id":230883,"date":"2025-10-10T16:10:00","date_gmt":"2025-10-10T19:10:00","guid":{"rendered":"https:\/\/corrientesdetarde.com\/?p=230883"},"modified":"2025-10-10T17:15:07","modified_gmt":"2025-10-10T20:15:07","slug":"buscan-a-un-adolescente-que-desaparecio-del-hospital-pediatrico","status":"publish","type":"post","link":"https:\/\/corrientesdetarde.com\/index.php\/policiales\/buscan-a-un-adolescente-que-desaparecio-del-hospital-pediatrico\/","title":{"rendered":"Buscan a un adolescente que desapareci\u00f3 del Hospital Pedi\u00e1trico."},"content":{"rendered":"\n<h2 class=\"wp-block-heading\">Juan Nicol\u00e1s mide 1,50 metros, es de tez morena, cabello negro corto y ondulado, ojos marrones y contextura delgada. Al momento de ausentarse vest\u00eda un pantal\u00f3n de buzo negro, un buzo gris y crocs negras.<\/h2>\n\n\n\n<p>La Comisar\u00eda Primera de la Mujer y el Menor solicit\u00f3 la colaboraci\u00f3n de la comunidad para localizar a Juan Nicol\u00e1s V\u00e1zquez, de 14 a\u00f1os, quien se habr\u00eda ausentado este mi\u00e9rcoles 9 de octubre al mediod\u00eda del \u00e1rea de Adicciones del Hospital Pedi\u00e1trico, seg\u00fan la denuncia realizada por una persona de apellido Gauna. En la causa interviene adem\u00e1s la Fiscal\u00eda de Investigaci\u00f3n en turno.<\/p>\n\n\n\n<p>Juan Nicol\u00e1s mide 1,50 metros, es de tez morena, cabello negro corto y ondulado, ojos marrones y contextura delgada. Al momento de ausentarse vest\u00eda un pantal\u00f3n de buzo negro, un buzo gris y crocs negras.<\/p>\n\n\n\n<figure class=\"wp-block-image size-large\"><img loading=\"lazy\" decoding=\"async\" width=\"724\" height=\"1024\" src=\"https:\/\/corrientesdetarde.com\/wp-content\/uploads\/2025\/10\/image-340-724x1024.png\" alt=\"\" class=\"wp-image-230887\" srcset=\"https:\/\/corrientesdetarde.com\/wp-content\/uploads\/2025\/10\/image-340-724x1024.png 724w, https:\/\/corrientesdetarde.com\/wp-content\/uploads\/2025\/10\/image-340-212x300.png 212w, https:\/\/corrientesdetarde.com\/wp-content\/uploads\/2025\/10\/image-340-768x1087.png 768w, https:\/\/corrientesdetarde.com\/wp-content\/uploads\/2025\/10\/image-340.png 790w\" sizes=\"auto, (max-width: 724px) 100vw, 724px\" \/><\/figure>\n\n\n\n<p>La Polic\u00eda contin\u00faa con las tareas de b\u00fasqueda y solicita la colaboraci\u00f3n de los medios y de la ciudadan\u00eda. Quienes puedan aportar informaci\u00f3n que ayude a dar con su paradero pueden comunicarse con la Comisar\u00eda de la Mujer y el Menor N\u00b0 1 al 3794-432913, con la dependencia policial m\u00e1s cercana o a los n\u00fameros de emergencia 911 (en la Capital) y 101 (en el interior provincial).<\/p>\n","protected":false},"excerpt":{"rendered":"<p>Juan Nicol\u00e1s mide 1,50 metros, es de tez morena, cabello negro corto y ondulado, ojos marrones y contextura delgada. Al momento de ausentarse vest\u00eda un pantal\u00f3n de buzo negro, un&hellip; <\/p>\n","protected":false},"author":6,"featured_media":230888,"comment_status":"closed","ping_status":"open","sticky":false,"template":"","format":"standard","meta":{"footnotes":""},"categories":[33],"tags":[],"class_list":["post-230883","post","type-post","status-publish","format-standard","has-post-thumbnail","hentry","category-policiales"],"_links":{"self":[{"href":"https:\/\/corrientesdetarde.com\/index.php\/wp-json\/wp\/v2\/posts\/230883","targetHints":{"allow":["GET"]}}],"collection":[{"href":"https:\/\/corrientesdetarde.com\/index.php\/wp-json\/wp\/v2\/posts"}],"about":[{"href":"https:\/\/corrientesdetarde.com\/index.php\/wp-json\/wp\/v2\/types\/post"}],"author":[{"embeddable":true,"href":"https:\/\/corrientesdetarde.com\/index.php\/wp-json\/wp\/v2\/users\/6"}],"replies":[{"embeddable":true,"href":"https:\/\/corrientesdetarde.com\/index.php\/wp-json\/wp\/v2\/comments?post=230883"}],"version-history":[{"count":1,"href":"https:\/\/corrientesdetarde.com\/index.php\/wp-json\/wp\/v2\/posts\/230883\/revisions"}],"predecessor-version":[{"id":230891,"href":"https:\/\/corrientesdetarde.com\/index.php\/wp-json\/wp\/v2\/posts\/230883\/revisions\/230891"}],"wp:featuredmedia":[{"embeddable":true,"href":"https:\/\/corrientesdetarde.com\/index.php\/wp-json\/wp\/v2\/media\/230888"}],"wp:attachment":[{"href":"https:\/\/corrientesdetarde.com\/index.php\/wp-json\/wp\/v2\/media?parent=230883"}],"wp:term":[{"taxonomy":"category","embeddable":true,"href":"https:\/\/corrientesdetarde.com\/index.php\/wp-json\/wp\/v2\/categories?post=230883"},{"taxonomy":"post_tag","embeddable":true,"href":"https:\/\/corrientesdetarde.com\/index.php\/wp-json\/wp\/v2\/tags?post=230883"}],"curies":[{"name":"wp","href":"https:\/\/api.w.org\/{rel}","templated":true}]}}