{"id":230884,"date":"2025-10-10T16:00:00","date_gmt":"2025-10-10T19:00:00","guid":{"rendered":"https:\/\/corrientesdetarde.com\/?p=230884"},"modified":"2025-10-10T17:12:14","modified_gmt":"2025-10-10T20:12:14","slug":"detuvieron-a-un-joven-que-tenia-un-invernadero-de-marihuana","status":"publish","type":"post","link":"https:\/\/corrientesdetarde.com\/index.php\/policiales\/detuvieron-a-un-joven-que-tenia-un-invernadero-de-marihuana\/","title":{"rendered":"Detuvieron a un joven que ten\u00eda un invernadero de marihuana."},"content":{"rendered":"\n<h2 class=\"wp-block-heading\">La Polic\u00eda encontr\u00f3 21 plantas de marihuana, equipamiento para cultivo y un arma de fuego durante un allanamiento en un domicilio de tres pisos.<\/h2>\n\n\n\n<p>En la ma\u00f1ana de este 10 de octubre, personal de la Divisi\u00f3n Anti Arrebatos, con apoyo de grupos especiales, concret\u00f3 un allanamiento en un domicilio de tres plantas ubicado en el barrio Juan XXIII, calle Potos\u00ed casi Ibera, en el marco de investigaciones por un hecho delictivo reciente.<\/p>\n\n\n\n<p>Durante la inspecci\u00f3n, los efectivos hallaron un invernadero con 21 plantas grandes de marihuana y varios plantines, junto con equipos de refrigeraci\u00f3n, luces ultravioletas y cal\u00f3ricas, fertilizantes, tierra, macetas, balanzas, elementos de corte y bolsas para fraccionamiento. Adem\u00e1s, se incaut\u00f3 un arma de fuego calibre 11,25 de origen dudoso y una camioneta Ford Ranger con documentaci\u00f3n adulterada, entre otros elementos de inter\u00e9s para la investigaci\u00f3n.<ins><\/ins><\/p>\n\n\n\n<p>El hombre detenido, identificado como G\u00f3mez, de 27 a\u00f1os y con antecedentes policiales por diversos hechos, qued\u00f3 a disposici\u00f3n de la justicia. La sustancia hallada fue confirmada como marihuana por personal de la Direcci\u00f3n de Drogas Peligrosas y Crimen Organizado.<ins><\/ins><\/p>\n\n\n\n<p>El procedimiento cont\u00f3 con la presencia del Jefe y Subjefe de Polic\u00eda de Corrientes, Crio. Gral. Lic. Miguel \u00c1ngel Leguizam\u00f3n y Crio. Gral. Walter Dar\u00edo Aceval, respectivamente, junto a otras autoridades policiales.<\/p>\n\n\n\n<p>Seg\u00fan indicaron las autoridades, todo apunta a que en el lugar se comercializaban estupefacientes, dado el tipo de elementos encontrados. El detenido y los objetos secuestrados fueron trasladados a la dependencia policial para continuar con los tr\u00e1mites judiciales correspondientes.<\/p>\n\n\n\n<p><\/p>\n","protected":false},"excerpt":{"rendered":"<p>La Polic\u00eda encontr\u00f3 21 plantas de marihuana, equipamiento para cultivo y un arma de fuego durante un allanamiento en un domicilio de tres pisos. En la ma\u00f1ana de este 10&hellip; <\/p>\n","protected":false},"author":6,"featured_media":230885,"comment_status":"closed","ping_status":"open","sticky":false,"template":"","format":"standard","meta":{"footnotes":""},"categories":[33],"tags":[],"class_list":["post-230884","post","type-post","status-publish","format-standard","has-post-thumbnail","hentry","category-policiales"],"_links":{"self":[{"href":"https:\/\/corrientesdetarde.com\/index.php\/wp-json\/wp\/v2\/posts\/230884","targetHints":{"allow":["GET"]}}],"collection":[{"href":"https:\/\/corrientesdetarde.com\/index.php\/wp-json\/wp\/v2\/posts"}],"about":[{"href":"https:\/\/corrientesdetarde.com\/index.php\/wp-json\/wp\/v2\/types\/post"}],"author":[{"embeddable":true,"href":"https:\/\/corrientesdetarde.com\/index.php\/wp-json\/wp\/v2\/users\/6"}],"replies":[{"embeddable":true,"href":"https:\/\/corrientesdetarde.com\/index.php\/wp-json\/wp\/v2\/comments?post=230884"}],"version-history":[{"count":1,"href":"https:\/\/corrientesdetarde.com\/index.php\/wp-json\/wp\/v2\/posts\/230884\/revisions"}],"predecessor-version":[{"id":230886,"href":"https:\/\/corrientesdetarde.com\/index.php\/wp-json\/wp\/v2\/posts\/230884\/revisions\/230886"}],"wp:featuredmedia":[{"embeddable":true,"href":"https:\/\/corrientesdetarde.com\/index.php\/wp-json\/wp\/v2\/media\/230885"}],"wp:attachment":[{"href":"https:\/\/corrientesdetarde.com\/index.php\/wp-json\/wp\/v2\/media?parent=230884"}],"wp:term":[{"taxonomy":"category","embeddable":true,"href":"https:\/\/corrientesdetarde.com\/index.php\/wp-json\/wp\/v2\/categories?post=230884"},{"taxonomy":"post_tag","embeddable":true,"href":"https:\/\/corrientesdetarde.com\/index.php\/wp-json\/wp\/v2\/tags?post=230884"}],"curies":[{"name":"wp","href":"https:\/\/api.w.org\/{rel}","templated":true}]}}