{"id":230889,"date":"2025-10-10T16:20:00","date_gmt":"2025-10-10T19:20:00","guid":{"rendered":"https:\/\/corrientesdetarde.com\/?p=230889"},"modified":"2025-10-10T17:19:00","modified_gmt":"2025-10-10T20:19:00","slug":"un-grupo-de-ninos-serian-los-responsables-de-matar-a-charrua","status":"publish","type":"post","link":"https:\/\/corrientesdetarde.com\/index.php\/policiales\/un-grupo-de-ninos-serian-los-responsables-de-matar-a-charrua\/","title":{"rendered":"Un grupo de ni\u00f1os ser\u00edan los responsables de matar a &#8220;Charr\u00faa&#8221;."},"content":{"rendered":"\n<h2 class=\"wp-block-heading\">El ave formaba parte del proceso de reintroducci\u00f3n de la especie en el Iber\u00e1 y muri\u00f3 luego que fuera alcanzado por un proyectil lanzado por una gomera. Buscan identificar a quienes lo atacaron y remarcaron la necesidad de &#8220;trabajar en la educaci\u00f3n ambiental de la comunidad en las escuelas&#8221;.<\/h2>\n\n\n\n<p>La Polic\u00eda de Corrientes intenta identificar al grupo de chicos que mat\u00f3 con un disparo de gomera -o de un arma de aire comprimido- un ejemplar de guacamayo rojo en cercan\u00edas de la localidad de Concepci\u00f3n del Yaguaret\u00e9 Cor\u00e1, en los Esteros del Iber\u00e1.<br><br>El animal volaba cuando recibi\u00f3 el impacto en una de sus alas y muri\u00f3 cuatro d\u00edas despu\u00e9s pese a la atenci\u00f3n veterinaria que recibi\u00f3 en un centro especializado en recuperaci\u00f3n de fauna silvestre.<br><br>El guacamayo, bautizado con el nombre de &#8220;Charr\u00faa&#8221;, es uno de los ejemplares protegidos que naci\u00f3 en Corrientes tras la reintroducci\u00f3n de la especie por parte de la Fundaci\u00f3n Rewilding Argentina, Parques Nacionales y la Provincia.<\/p>\n\n\n\n<p>Las alarmas se encendieron el pasado 29 de septiembre cuando los voluntarios de la Fundaci\u00f3n fueron alertados por vecinos de Concepci\u00f3n sobre un guacamayo rojo que estaba herido y no pod\u00eda levantar vuelo.<br><br>Los rescatistas que llegaron hasta la zona rural, a muy pocos kil\u00f3metros del pueblo, r\u00e1pidamente constataron que ten\u00eda fracturada el ala derecha.<br><br>El colorido ejemplar fue llevado de urgencia al Centro de Conservaci\u00f3n Aguar\u00e1 para ser atendido. All\u00ed las placas radiogr\u00e1ficas permitieron establecer que no s\u00f3lo hab\u00eda una fractura, sino que el guacamayo hab\u00eda sufrido la p\u00e9rdida de un pedazo del hueso.<\/p>\n\n\n\n<p><strong>La gravedad de la lesi\u00f3n deriv\u00f3 en su muerte, cuatro d\u00edas despu\u00e9s.<\/strong><br>Las caracter\u00edsticas de la herida permitieron concluir que &#8220;Charr\u00faa&#8221; fue alcanzado por un &#8220;gomerazo&#8221; cuando volaba junto a &#8220;Pampa&#8221; y &#8220;Toba&#8221;, otros dos ejemplares que forman parte del proyecto de reintroducci\u00f3n de la especie.<\/p>\n\n\n\n<p>Marisi L\u00f3pez, de la Fundaci\u00f3n Rewilding Argentina, no ocult\u00f3 su tristeza por la muerte del guacamayo, una especie que fue declarada monumento natural protegido por la provincia de Corrientes. &#8220;Nos decepcion\u00f3 que el hecho haya ocurrido en Concepci\u00f3n, un pueblo donde su gente es muy conservacionista&#8221;. &#8220;Gente de la Fundaci\u00f3n hizo la denuncia en la Polic\u00eda y se dio intervenci\u00f3n a la Fiscal\u00eda para tratar de identificar al autor del hecho. Por los datos que nos aportaron los vecinos, ser\u00edan chicos que no superan los 10 o 12 a\u00f1os&#8221;.<\/p>\n\n\n\n<p>Los primeros ejemplares de guacamayo rojo fueron liberados en el Iber\u00e1 hace seis a\u00f1os y se estima que actualmente hay una poblaci\u00f3n de unos 30 ejemplares. &#8220;Charr\u00faa&#8221;, &#8220;Pampa&#8221; y &#8220;Toba&#8221; nacieron en 2023, ya en libertad, pero los monitorean para conocer sus desplazamientos.<\/p>\n\n\n\n<p>Hace pocos d\u00edas Rewilding revel\u00f3 que los tres hab\u00edan abandonado la zona de Cambyret\u00e1, donde nacieron, para llegar hasta Villa Olivari, la isla Apip\u00e9 Grande, Loreto, Carlos Pellegrini y, finalmente, Concepci\u00f3n del Yaguaret\u00e9 Cor\u00e1, donde se encontraban los tres, hasta hace unos d\u00edas. M\u00e1s de 350 kil\u00f3metros recorridos.<br><br>Marianela Masat, coordinadora del proyecto de reintroducci\u00f3n de guacamayos rojos en Rewilding Argentina, sostuvo que al tratarse de una especie protegida, est\u00e1 penado por la ley.<br><br>&#8220;Detr\u00e1s de la gran aventura de estos tres hermanos guacamayos hay mucha gente en las distintas localidades que se tom\u00f3 el tiempo de sacarles fotos y videos y dar aviso al personal del proyecto. Gracias a estas personas pudimos descubrir su incre\u00edble viaje por Iber\u00e1&#8221;, expres\u00f3.<\/p>\n\n\n\n<p>&#8220;Tambi\u00e9n hay una familia que encontr\u00f3 a Charr\u00faa herido, tuvo el enorme gesto de protegerlo de otros peligros y r\u00e1pidamente buscar la forma de comunicarse con nosotros. Personas como ellos nos dan la esperanza de que el Iber\u00e1 puede y de hecho est\u00e1 volviendo a ser un ecosistema completo y funcional con todas sus especies presentes&#8221;, concluy\u00f3.<br>Por su parte, L\u00f3pez dijo que la muerte de &#8220;Charr\u00faa&#8221; genera &#8220;alerta&#8221; en la Fundaci\u00f3n, y la necesidad de &#8220;trabajar en la educaci\u00f3n ambiental de la comunidad, en las escuelas&#8221;.<br>Desde Rewilding se\u00f1alaron que los dos ejemplares que no fueron alcanzados por los proyectiles habr\u00edan retornado a la zona del Portal Cambyret\u00e1, en los Esteros.<br>&#8220;Charr\u00faa fue el primer guacamayo muerto a manos de personas en 10 a\u00f1os de proyecto. Esperamos que este caso sirva como ejemplo del terrible e innecesario da\u00f1o que podemos infligir a la fauna y de la necesidad de seguir concientizando en el camino de lograr la coexistencia con todas las formas de vida con las cuales compartimos el planeta&#8221;, poste\u00f3 la ONG en sus redes.<\/p>\n\n\n\n<p><\/p>\n","protected":false},"excerpt":{"rendered":"<p>El ave formaba parte del proceso de reintroducci\u00f3n de la especie en el Iber\u00e1 y muri\u00f3 luego que fuera alcanzado por un proyectil lanzado por una gomera. Buscan identificar a&hellip; <\/p>\n","protected":false},"author":6,"featured_media":230892,"comment_status":"closed","ping_status":"open","sticky":false,"template":"","format":"standard","meta":{"footnotes":""},"categories":[33],"tags":[],"class_list":["post-230889","post","type-post","status-publish","format-standard","has-post-thumbnail","hentry","category-policiales"],"_links":{"self":[{"href":"https:\/\/corrientesdetarde.com\/index.php\/wp-json\/wp\/v2\/posts\/230889","targetHints":{"allow":["GET"]}}],"collection":[{"href":"https:\/\/corrientesdetarde.com\/index.php\/wp-json\/wp\/v2\/posts"}],"about":[{"href":"https:\/\/corrientesdetarde.com\/index.php\/wp-json\/wp\/v2\/types\/post"}],"author":[{"embeddable":true,"href":"https:\/\/corrientesdetarde.com\/index.php\/wp-json\/wp\/v2\/users\/6"}],"replies":[{"embeddable":true,"href":"https:\/\/corrientesdetarde.com\/index.php\/wp-json\/wp\/v2\/comments?post=230889"}],"version-history":[{"count":1,"href":"https:\/\/corrientesdetarde.com\/index.php\/wp-json\/wp\/v2\/posts\/230889\/revisions"}],"predecessor-version":[{"id":230893,"href":"https:\/\/corrientesdetarde.com\/index.php\/wp-json\/wp\/v2\/posts\/230889\/revisions\/230893"}],"wp:featuredmedia":[{"embeddable":true,"href":"https:\/\/corrientesdetarde.com\/index.php\/wp-json\/wp\/v2\/media\/230892"}],"wp:attachment":[{"href":"https:\/\/corrientesdetarde.com\/index.php\/wp-json\/wp\/v2\/media?parent=230889"}],"wp:term":[{"taxonomy":"category","embeddable":true,"href":"https:\/\/corrientesdetarde.com\/index.php\/wp-json\/wp\/v2\/categories?post=230889"},{"taxonomy":"post_tag","embeddable":true,"href":"https:\/\/corrientesdetarde.com\/index.php\/wp-json\/wp\/v2\/tags?post=230889"}],"curies":[{"name":"wp","href":"https:\/\/api.w.org\/{rel}","templated":true}]}}